{"id":10606,"date":"2022-07-15T11:42:39","date_gmt":"2022-07-15T11:42:39","guid":{"rendered":"https:\/\/becal.gov.py\/v2\/?p=9909"},"modified":"2023-03-02T11:46:46","modified_gmt":"2023-03-02T11:46:46","slug":"gemelas-de-encarnacion-y-mellizas-de-asuncion-iran-por-becal-para-maestrias-y-doctorados-en-el-exterior","status":"publish","type":"post","link":"https:\/\/migracion.becal.gov.py\/v2\/2022\/07\/15\/gemelas-de-encarnacion-y-mellizas-de-asuncion-iran-por-becal-para-maestrias-y-doctorados-en-el-exterior\/","title":{"rendered":"Gemelas de Encarnaci\u00f3n y mellizas de Asunci\u00f3n ir\u00e1n por BECAL para Maestr\u00edas y Doctorados en el exterior"},"content":{"rendered":"\n<p>15\/07\/2022 Una ins\u00f3lita experiencia dentro del Programa Nacional de Becas de Postgrados en el Exterior \u201cDon Carlos Antonio L\u00f3pez\u201d (BECAL), dependiente del Ministerio de Hacienda, se dio en la reciente convocatoria de becas. Por primera vez, se postularon hermanas gemelas y mellizas a las becas de Maestr\u00edas y Doctorados de BECAL. <\/p>\n\n\n\n<p>Las cuatro profesionales superaron\ntodos los requisitos, tanto en las universidades del exterior como tambi\u00e9n con\ntodas las exigencias del proceso, y hoy forman parte de la n\u00f3mina de becarios\nde BECAL. Ellas est\u00e1n listas para iniciar el sue\u00f1o de seguir form\u00e1ndose en los\nmejores centros acad\u00e9micos del mundo, gracias a este programa de excelencia\nacad\u00e9mica que el Estado pone a disposici\u00f3n de los paraguayos. <\/p>\n\n\n\n<p>Las gemelas Silvia Noem\u00ed y Silvia\nCarolina Ayala Franco, de 27 a\u00f1os, son de Encarnaci\u00f3n y en este segundo\nsemestre del a\u00f1o ir\u00e1n al Reino Unido para realizar ambas una Maestr\u00eda en\nEducaci\u00f3n en la University of Glasgow. Ellas son docentes de ingl\u00e9s, egresadas\nde Licenciatura de Lengua Inglesa de la Universidad Nacional de Itap\u00faa (UNI).<\/p>\n\n\n\n<p>La otra historia tiene como\nprotagonista a las mellizas Rossana y Rosmary Franco, de 48 a\u00f1os, residentes\nactualmente en Asunci\u00f3n y en breve, ambas viajar\u00e1n al Brasil para realizar el\nDoctorado en Ciencias de la Salud, Programa en Biolog\u00eda Celular y Molecular, en\nla Fundacao Oswaldo Cruz. Las profesionales cuentan con amplias experiencias en\nsus respectivas \u00e1reas dentro del Laboratorio Central de Salud P\u00fablica y el Instituto\nNacional de Enfermedades Respiratorias y del Ambiente (INERAM), combinando\ntambi\u00e9n la actividad con la investigaci\u00f3n. Las mellizas son egresadas de la\ncarrera de Bioqu\u00edmica de la Universidad Nacional de Asunci\u00f3n (UNA).<\/p>\n\n\n\n<p>Una de las gemelas, Silvia Noem\u00ed,\ncoment\u00f3 que la mayor preocupaci\u00f3n de ambas, durante el proceso de selecci\u00f3n,\nfue que \u201ccomo somos gemelas id\u00e9nticas, se confundieran y pensaran que una misma\npersona aplic\u00f3 dos veces, porque eso nos ha pasado muchas veces en otras situaciones,\npor eso nos preocupaba. Por suerte, con Becal no nos pas\u00f3\u201d. <\/p>\n\n\n\n<p>Silvia Noem\u00ed y Silvia Carolina refirieron\nque se enteraron de la convocatoria a trav\u00e9s de las redes sociales y las varias\nhistorias de otros becarios sirvieron de inspiraci\u00f3n para presentarse, ya que\nsiempre tuvieron el deseo de seguir capacit\u00e1ndose en el \u00e1rea de la educaci\u00f3n\npara mejorar sus habilidades en el aula, adem\u00e1s de estudiar en una universidad\ndel Reino Unido, para luego aportar con la educaci\u00f3n del pa\u00eds. <\/p>\n\n\n\n<p>Mejorar la calidad de la educaci\u00f3n\na favor de personas con discapacidad y contribuir con un cambio significativo\nen el sistema educativo paraguayo, especialmente, en el \u00e1rea de educaci\u00f3n\ninclusiva y en la ense\u00f1anza de la lengua inglesa, es uno de los objetivos\nexpuestos por Silvia Noem\u00ed. <\/p>\n\n\n\n<p>En tanto, las mellizas Rossana y\nRosmary relataron que tienen como sue\u00f1o contribuir a favor de una mayor\nvisualizaci\u00f3n de Paraguay e impulso en el \u00e1mbito de la investigaci\u00f3n a trav\u00e9s\nde la generaci\u00f3n de publicaciones de calidad con el uso de t\u00e9cnicas innovadoras\nque generan abundante informaci\u00f3n como la secuenciaci\u00f3n (Whole Genome\nSequencing y New Generations Sequencing).&nbsp;\n<\/p>\n\n\n\n<p>\u201cEl pa\u00eds necesita de profesionales\nformados altamente capacitados, que desarrollen investigaciones que lo pongan a\nun nivel m\u00e1s cercano de competitividad de los pa\u00edses de la regi\u00f3n, como\nArgentina y Brasil, mucho m\u00e1s avanzados\u201d, expres\u00f3 Rosmary.&nbsp;&nbsp;&nbsp;&nbsp; <\/p>\n\n\n\n<p>Las mellizas se\u00f1alan que a su\nregreso al pa\u00eds aplicar\u00e1n y transferir\u00e1n todo el conocimiento adquirido durante\nel Doctorado en sus respectivas \u00e1reas de trabajo. Rossana y Rosmary se\nenteraron de la convocatoria a trav\u00e9s de dos compa\u00f1eras que tambi\u00e9n est\u00e1n\nrealizando un Doctorado en Ciencias de la Salud. <\/p>\n\n\n\n<p>BECAL es un programa de\nexcelencia acad\u00e9mica que apunta a formar Capital Humano Avanzado para el pa\u00eds,\npor lo que se enfoca en otorgar becas de Posgrados en las mejores universidades\ndel mundo. <\/p>\n\n\n\n<figure class=\"wp-block-image size-large\"><img decoding=\"async\" src=\"https:\/\/migracion.becal.gov.py\/wp-content\/uploads\/2022\/07\/2022-07-15-gemelas-863x1024.jpeg\" alt=\"\" class=\"wp-image-9910\" \/><\/figure>\n\n\n\n<figure class=\"wp-block-image size-large\"><img decoding=\"async\" src=\"https:\/\/migracion.becal.gov.py\/wp-content\/uploads\/2022\/07\/2022-07-15-mellizas-768x1024.jpeg\" alt=\"\" class=\"wp-image-9911\" \/><\/figure>\n<p>[learn_press_profile]<\/p>\n","protected":false},"excerpt":{"rendered":"<p>15\/07\/2022 Una ins\u00f3lita experiencia dentro del Programa Nacional de Becas de Postgrados en el Exterior \u201cDon Carlos Antonio L\u00f3pez\u201d (BECAL), dependiente del Ministerio de Hacienda, se dio en la reciente convocatoria de becas. Por primera vez, se postularon hermanas gemelas y mellizas a las becas [&hellip;]<\/p>\n","protected":false},"author":1,"featured_media":10607,"comment_status":"closed","ping_status":"closed","sticky":false,"template":"","format":"standard","meta":{"footnotes":""},"categories":[79],"tags":[],"class_list":["post-10606","post","type-post","status-publish","format-standard","has-post-thumbnail","hentry","category-sin-categoria"],"_links":{"self":[{"href":"https:\/\/migracion.becal.gov.py\/v2\/wp-json\/wp\/v2\/posts\/10606","targetHints":{"allow":["GET"]}}],"collection":[{"href":"https:\/\/migracion.becal.gov.py\/v2\/wp-json\/wp\/v2\/posts"}],"about":[{"href":"https:\/\/migracion.becal.gov.py\/v2\/wp-json\/wp\/v2\/types\/post"}],"author":[{"embeddable":true,"href":"https:\/\/migracion.becal.gov.py\/v2\/wp-json\/wp\/v2\/users\/1"}],"replies":[{"embeddable":true,"href":"https:\/\/migracion.becal.gov.py\/v2\/wp-json\/wp\/v2\/comments?post=10606"}],"version-history":[{"count":1,"href":"https:\/\/migracion.becal.gov.py\/v2\/wp-json\/wp\/v2\/posts\/10606\/revisions"}],"predecessor-version":[{"id":16444,"href":"https:\/\/migracion.becal.gov.py\/v2\/wp-json\/wp\/v2\/posts\/10606\/revisions\/16444"}],"wp:featuredmedia":[{"embeddable":true,"href":"https:\/\/migracion.becal.gov.py\/v2\/wp-json\/wp\/v2\/media\/10607"}],"wp:attachment":[{"href":"https:\/\/migracion.becal.gov.py\/v2\/wp-json\/wp\/v2\/media?parent=10606"}],"wp:term":[{"taxonomy":"category","embeddable":true,"href":"https:\/\/migracion.becal.gov.py\/v2\/wp-json\/wp\/v2\/categories?post=10606"},{"taxonomy":"post_tag","embeddable":true,"href":"https:\/\/migracion.becal.gov.py\/v2\/wp-json\/wp\/v2\/tags?post=10606"}],"curies":[{"name":"wp","href":"https:\/\/api.w.org\/{rel}","templated":true}]}}