{"id":10619,"date":"2022-07-08T11:32:23","date_gmt":"2022-07-08T11:32:23","guid":{"rendered":"https:\/\/becal.gov.py\/v2\/?p=9877"},"modified":"2023-03-07T12:24:18","modified_gmt":"2023-03-07T12:24:18","slug":"destacan-a-becal-como-programa-de-excelencia-en-el-marco-de-rendicion-de-cuentas-del-feei","status":"publish","type":"post","link":"https:\/\/migracion.becal.gov.py\/v2\/2022\/07\/08\/destacan-a-becal-como-programa-de-excelencia-en-el-marco-de-rendicion-de-cuentas-del-feei\/","title":{"rendered":"Destacan a BECAL como programa de excelencia en el marco de Rendici\u00f3n de Cuentas del FEEI"},"content":{"rendered":"\n<p>08\/07\/2022 El ministro de Hacienda, Oscar Llamosas, presidente del Consejo de Administraci\u00f3n del Fondo para la Excelencia de la Educaci\u00f3n y la Investigaci\u00f3n (FEEI) y del Programa Nacional de Becas de Postgrado en el Exterior \u201cDon Carlos Antonio L\u00f3pez\u201d (BECAL), resalt\u00f3 la importancia del fortalecimiento de la investigaci\u00f3n y la formaci\u00f3n de capital humano en Paraguay y en este contexto refiri\u00f3 que BECAL tiene todav\u00eda espacio para enviar j\u00f3venes al exterior, de manera a que puedan retribuir al pa\u00eds a su retorno. Fue ayer durante la apertura del acto de Rendici\u00f3n de Cuentas 2021-2022 del FEEI en el marco de los 10 a\u00f1os de su creaci\u00f3n, desarrollado en el Instituto del Banco Central del Paraguay (BCP).<\/p>\n\n\n\n<p>En la oportunidad, el Titular\nde Hacienda manifest\u00f3 la necesidad de seguir trabajando en conjunto con la\nsociedad civil y el sector privado y, m\u00e1s a\u00fan, en medio de una pandemia. Abog\u00f3\npor una convergencia en un pacto social para contribuir efectivamente en la\neducaci\u00f3n para lograr la tan anhelada transformaci\u00f3n educativa.<\/p>\n\n\n\n<p>El ministro Llamosas resalto\nla formaci\u00f3n, a trav\u00e9s de BECAL, de m\u00e1s de 2.000 profesionales en las mejores\nuniversidades del mundo.<\/p>\n\n\n\n<p>Igualmente, miembros del\nConsejo de Administraci\u00f3n del FEEI; as\u00ed como becarios invitados al evento\nmencionaron que BECAL es un programa de excelencia para formar capital humano\navanzado, y orgullo para el pa\u00eds. Pero tambi\u00e9n reconocieron la necesidad de impulsar\nla cohesi\u00f3n de las instituciones para que los becarios retornados puedan\nreinsertarse en los sectores que sean de prioridad para el pa\u00eds y de acuerdo a\nsu formaci\u00f3n. <\/p>\n\n\n\n<p>Tras concluir la presentaci\u00f3n\nsobre la rendici\u00f3n de cuentas, varios participantes visitaron el stand de BECAL\npara informarse de las nuevas oportunidades de becas para el segundo semestre\ndel a\u00f1o. El Equipo T\u00e9cnico del Programa se encarg\u00f3 de brindar los detalles\nsobre los tipos de becas y las modalidades existentes. <\/p>\n\n\n\n<figure class=\"wp-block-image size-large\"><img decoding=\"async\" src=\"https:\/\/migracion.becal.gov.py\/wp-content\/uploads\/2022\/07\/2022-07-07-FEEI-1024x765.jpeg\" alt=\"\" class=\"wp-image-9878\" \/><\/figure>\n\n\n\n<figure class=\"wp-block-image size-large\"><img decoding=\"async\" src=\"https:\/\/migracion.becal.gov.py\/wp-content\/uploads\/2022\/07\/10-a\u00f1os-FEEI.jpg\" alt=\"\" class=\"wp-image-9879\" \/><\/figure>\n\n\n\n<figure class=\"wp-block-image size-large\"><img decoding=\"async\" src=\"https:\/\/migracion.becal.gov.py\/wp-content\/uploads\/2022\/07\/2022-07-07-RDC-1024x552.jpeg\" alt=\"\" class=\"wp-image-9884\" \/><\/figure>\n\n\n\n<figure class=\"wp-block-image size-large\"><img decoding=\"async\" src=\"https:\/\/migracion.becal.gov.py\/wp-content\/uploads\/2022\/07\/2022-07-07-FEEI-BECAL-1024x766.jpeg\" alt=\"\" class=\"wp-image-9880\" \/><\/figure>\n\n\n\n<figure class=\"wp-block-image size-large\"><img decoding=\"async\" src=\"https:\/\/migracion.becal.gov.py\/wp-content\/uploads\/2022\/07\/2022-07-07-Ministro-en-BECAL-1024x768.jpeg\" alt=\"\" class=\"wp-image-9886\" \/><\/figure>\n\n\n\n<figure class=\"wp-block-image size-large\"><img decoding=\"async\" src=\"https:\/\/migracion.becal.gov.py\/wp-content\/uploads\/2022\/07\/2022-07-07-FEEI-en-BCP-1024x768.jpeg\" alt=\"\" class=\"wp-image-9881\" \/><\/figure>\n\n\n\n<figure class=\"wp-block-image size-large\"><img decoding=\"async\" src=\"https:\/\/migracion.becal.gov.py\/wp-content\/uploads\/2022\/07\/2022-07-07-En-BCP-1024x768.jpeg\" alt=\"\" class=\"wp-image-9882\" \/><\/figure>\n<p>[learn_press_profile]<\/p>\n","protected":false},"excerpt":{"rendered":"<p>08\/07\/2022 El ministro de Hacienda, Oscar Llamosas, presidente del Consejo de Administraci\u00f3n del Fondo para la Excelencia de la Educaci\u00f3n y la Investigaci\u00f3n (FEEI) y del Programa Nacional de Becas de Postgrado en el Exterior \u201cDon Carlos Antonio L\u00f3pez\u201d (BECAL), resalt\u00f3 la importancia del fortalecimiento [&hellip;]<\/p>\n","protected":false},"author":1,"featured_media":10625,"comment_status":"closed","ping_status":"closed","sticky":false,"template":"","format":"standard","meta":{"footnotes":""},"categories":[79],"tags":[],"class_list":["post-10619","post","type-post","status-publish","format-standard","has-post-thumbnail","hentry","category-sin-categoria"],"_links":{"self":[{"href":"https:\/\/migracion.becal.gov.py\/v2\/wp-json\/wp\/v2\/posts\/10619","targetHints":{"allow":["GET"]}}],"collection":[{"href":"https:\/\/migracion.becal.gov.py\/v2\/wp-json\/wp\/v2\/posts"}],"about":[{"href":"https:\/\/migracion.becal.gov.py\/v2\/wp-json\/wp\/v2\/types\/post"}],"author":[{"embeddable":true,"href":"https:\/\/migracion.becal.gov.py\/v2\/wp-json\/wp\/v2\/users\/1"}],"replies":[{"embeddable":true,"href":"https:\/\/migracion.becal.gov.py\/v2\/wp-json\/wp\/v2\/comments?post=10619"}],"version-history":[{"count":1,"href":"https:\/\/migracion.becal.gov.py\/v2\/wp-json\/wp\/v2\/posts\/10619\/revisions"}],"predecessor-version":[{"id":16825,"href":"https:\/\/migracion.becal.gov.py\/v2\/wp-json\/wp\/v2\/posts\/10619\/revisions\/16825"}],"wp:featuredmedia":[{"embeddable":true,"href":"https:\/\/migracion.becal.gov.py\/v2\/wp-json\/wp\/v2\/media\/10625"}],"wp:attachment":[{"href":"https:\/\/migracion.becal.gov.py\/v2\/wp-json\/wp\/v2\/media?parent=10619"}],"wp:term":[{"taxonomy":"category","embeddable":true,"href":"https:\/\/migracion.becal.gov.py\/v2\/wp-json\/wp\/v2\/categories?post=10619"},{"taxonomy":"post_tag","embeddable":true,"href":"https:\/\/migracion.becal.gov.py\/v2\/wp-json\/wp\/v2\/tags?post=10619"}],"curies":[{"name":"wp","href":"https:\/\/api.w.org\/{rel}","templated":true}]}}