{"id":10642,"date":"2022-06-30T13:00:25","date_gmt":"2022-06-30T13:00:25","guid":{"rendered":"https:\/\/becal.gov.py\/v2\/?p=9842"},"modified":"2023-03-02T08:46:38","modified_gmt":"2023-03-02T08:46:38","slug":"arranca-esta-manana-el-desarrollo-del-i-congreso-internacional-sobre-la-profesion-docente-en-el-contexto-iberoamericano","status":"publish","type":"post","link":"https:\/\/migracion.becal.gov.py\/v2\/2022\/06\/30\/arranca-esta-manana-el-desarrollo-del-i-congreso-internacional-sobre-la-profesion-docente-en-el-contexto-iberoamericano\/","title":{"rendered":"Arranca esta ma\u00f1ana el desarrollo del \u201cI Congreso Internacional sobre la Profesi\u00f3n Docente en el contexto iberoamericano\u201d"},"content":{"rendered":"\n<p>30\/06\/2022 Esta ma\u00f1ana a las 9:00 inicia el desarrollo, en formato virtual, del \u201cI Congreso Internacional sobre la Profesi\u00f3n Docente en el contexto iberoamericano\u201d, organizado por la Red de Investigaci\u00f3n Educativa de Paraguay (RIE) compuesta, principalmente, por becarios y ex becarios del \u00e1rea de Educaci\u00f3n del Programa Nacional de Becas al Exterior \u201cDon Carlos Antonio L\u00f3pez\u201d (BECAL). Est\u00e1n inscriptos 498 participantes del pa\u00eds y de la regi\u00f3n. El evento, que convoca a investigadores, docentes, estudiantes y p\u00fablico en general, concluye ma\u00f1ana en la tarde con una mesa redonda.<\/p>\n\n\n\n<p> En la apertura de la actividad, la coordinadora general de <a href=\"https:\/\/www.facebook.com\/hashtag\/becal?__eep__=6&amp;__cft__[0]=AZXUb5R10vLKSjRjZsNr5thgFjq7QSZOgopl-pHjxhUQ9Uv45V9RAWkFJWiSQziDZYF9YrLe-mgBpXY5xM2MsnOsxj9MJSV_xNfedxIFvloUzJ7kydvdJVISNKK3IdQ9EX8yo2yZZcpl1JxIjKC74xRxxxkK1fLfLO9nVSQJnid6tg&amp;__tn__=*NK-R\">BECAL<\/a>, Andrea Picaso, inst\u00f3 a fomentar este tipo de encuentro en busca de mejorar la calidad educativa y destac\u00f3 la iniciativa de los organizadores del evento<a href=\"https:\/\/www.facebook.com\/RieParaguay\/?__cft__[0]=AZXUb5R10vLKSjRjZsNr5thgFjq7QSZOgopl-pHjxhUQ9Uv45V9RAWkFJWiSQziDZYF9YrLe-mgBpXY5xM2MsnOsxj9MJSV_xNfedxIFvloUzJ7kydvdJVISNKK3IdQ9EX8yo2yZZcpl1JxIjKC74xRxxxkK1fLfLO9nVSQJnid6tg&amp;__tn__=kK-R\">.<\/a><br><br>El enlace para ingresar al mismo es <a href=\"https:\/\/bit.ly\/3a8ac7S\">https:\/\/bit.ly\/3a8ac7S<\/a> (primer d\u00eda) y https:\/\/bit.ly\/3OUkOG1 (segundo d\u00eda). Igualmente se transmitir\u00e1 por Facebook Live de la Red de Investigaci\u00f3n Educativa \u2013 RieParaguay (@RieParaguay). En estos dos d\u00edas se realizar\u00e1n conferencias, mesas redondas, espacios de comunicaciones sobre investigaciones, talleres formativos para docentes y la presentaci\u00f3n de un repositorio para publicar resultados de investigaciones y trabajos acad\u00e9micos de becarios y ex becarios de BECAL.<\/p>\n\n\n\n<p>Los ejes tem\u00e1ticos a tratar en\nlas conferencias se refieren a la Calidad de la formaci\u00f3n y condiciones\nlaborales; as\u00ed como a la Calidad de la formaci\u00f3n y estrategias para la pr\u00e1ctica\ndocente.<\/p>\n\n\n\n<p>El objetivo de este Congreso\nes generar un espacio de encuentro, reflexi\u00f3n, formaci\u00f3n y difusi\u00f3n de car\u00e1cter\nacad\u00e9mico, en torno a las tendencias, necesidades y oportunidades de la\nprofesi\u00f3n docente, ya que los participantes podr\u00e1n compartir sus trabajos\nacad\u00e9micos, experiencias y reflexiones sobre la tem\u00e1tica en formato de\ncomunicaciones cient\u00edficas. <\/p>\n\n\n\n<p>La Red de Investigaci\u00f3n\nEducativa de Paraguay (RIE) nace en el 2020 con los esfuerzos para fortalecer\nla investigaci\u00f3n e innovaci\u00f3n educativa, y favorecer la difusi\u00f3n de las\ninvestigaciones acad\u00e9micas producidas con capital humano del Paraguay. <\/p>\n\n\n\n<p>El evento es apoyado por BECAL, el Ministerio de Educaci\u00f3n y Cultura (MEC) y la Facultad Latinoamericana de Ciencias Sociales (FLACSO). <\/p>\n\n\n\n<figure class=\"wp-block-image size-large\"><img decoding=\"async\" src=\"https:\/\/migracion.becal.gov.py\/wp-content\/uploads\/2022\/06\/Congreso-RIE.jpg\" alt=\"\" class=\"wp-image-9843\" \/><\/figure>\n<p>[learn_press_profile]<\/p>\n","protected":false},"excerpt":{"rendered":"<p>30\/06\/2022 Esta ma\u00f1ana a las 9:00 inicia el desarrollo, en formato virtual, del \u201cI Congreso Internacional sobre la Profesi\u00f3n Docente en el contexto iberoamericano\u201d, organizado por la Red de Investigaci\u00f3n Educativa de Paraguay (RIE) compuesta, principalmente, por becarios y ex becarios del \u00e1rea de Educaci\u00f3n [&hellip;]<\/p>\n","protected":false},"author":1,"featured_media":10643,"comment_status":"closed","ping_status":"closed","sticky":false,"template":"","format":"standard","meta":{"footnotes":""},"categories":[79],"tags":[],"class_list":["post-10642","post","type-post","status-publish","format-standard","has-post-thumbnail","hentry","category-sin-categoria"],"_links":{"self":[{"href":"https:\/\/migracion.becal.gov.py\/v2\/wp-json\/wp\/v2\/posts\/10642","targetHints":{"allow":["GET"]}}],"collection":[{"href":"https:\/\/migracion.becal.gov.py\/v2\/wp-json\/wp\/v2\/posts"}],"about":[{"href":"https:\/\/migracion.becal.gov.py\/v2\/wp-json\/wp\/v2\/types\/post"}],"author":[{"embeddable":true,"href":"https:\/\/migracion.becal.gov.py\/v2\/wp-json\/wp\/v2\/users\/1"}],"replies":[{"embeddable":true,"href":"https:\/\/migracion.becal.gov.py\/v2\/wp-json\/wp\/v2\/comments?post=10642"}],"version-history":[{"count":1,"href":"https:\/\/migracion.becal.gov.py\/v2\/wp-json\/wp\/v2\/posts\/10642\/revisions"}],"predecessor-version":[{"id":16401,"href":"https:\/\/migracion.becal.gov.py\/v2\/wp-json\/wp\/v2\/posts\/10642\/revisions\/16401"}],"wp:featuredmedia":[{"embeddable":true,"href":"https:\/\/migracion.becal.gov.py\/v2\/wp-json\/wp\/v2\/media\/10643"}],"wp:attachment":[{"href":"https:\/\/migracion.becal.gov.py\/v2\/wp-json\/wp\/v2\/media?parent=10642"}],"wp:term":[{"taxonomy":"category","embeddable":true,"href":"https:\/\/migracion.becal.gov.py\/v2\/wp-json\/wp\/v2\/categories?post=10642"},{"taxonomy":"post_tag","embeddable":true,"href":"https:\/\/migracion.becal.gov.py\/v2\/wp-json\/wp\/v2\/tags?post=10642"}],"curies":[{"name":"wp","href":"https:\/\/api.w.org\/{rel}","templated":true}]}}