{"id":10671,"date":"2022-06-10T20:57:53","date_gmt":"2022-06-10T20:57:53","guid":{"rendered":"https:\/\/becal.gov.py\/v2\/?p=9777"},"modified":"2023-03-02T14:36:11","modified_gmt":"2023-03-02T14:36:11","slug":"se-encuentran-disponibles-listas-de-preseleccionados-de-las-convocatorias-de-becas-autogestionadas-del-primer-semestre-2022","status":"publish","type":"post","link":"https:\/\/migracion.becal.gov.py\/v2\/2022\/06\/10\/se-encuentran-disponibles-listas-de-preseleccionados-de-las-convocatorias-de-becas-autogestionadas-del-primer-semestre-2022\/","title":{"rendered":"Se encuentran disponibles listas de preseleccionados de las convocatorias de becas autogestionadas del primer semestre 2022"},"content":{"rendered":"\n<p>10\/06\/2022 El Programa Nacional de Becas al Exterior \u201cDon Carlos Antonio L\u00f3pez (BECAL), dependiente del Ministerio de Hacienda, da a conocer las listas de los preseleccionados de las convocatorias autogestionadas, correspondientes al primer semestre del 2022. Las listas pueden verse en estos enlaces de la web: <a href=\"https:\/\/bit.ly\/3NMIKej\">https:\/\/bit.ly\/3NMIKej<\/a> y <a href=\"https:\/\/bit.ly\/3QrNgRp\">https:\/\/bit.ly\/3QrNgRp<\/a> respectivamente. \u00a0Las entrevistas a los postulantes preseleccionados se realizar\u00e1n en la semana del 20 de junio, de forma virtual; y del proceso se les comunicar\u00e1 por correo electr\u00f3nico.<\/p>\n\n\n\n<p>Para Maestr\u00edas en Ciencia, Tecnolog\u00eda e Innovaci\u00f3n (CTI) son preseleccionados 37 postulantes; para Maestr\u00edas en Educaci\u00f3n, 27; para Doctorados en Ciencia, Tecnolog\u00eda e Innovaci\u00f3n (CTI) son preseleccionados 19 postulantes; y para Doctorados en Educaci\u00f3n, 5. En total, son 88 preseleccionados postulantes.<\/p>\n\n\n\n<p>Cabe\nmencionar que para las Maestr\u00edas en CTI hay 25 cupos disponibles; para\nMaestr\u00edas en Educaci\u00f3n, 20; para los Doctorados en CTI, 30 cupos y para Doctorados\nen Educaci\u00f3n, 10 cupos; lo que en total suman 85 cupos disponibles. <\/p>\n\n\n\n<p>Con\nrespecto a las Maestr\u00edas CTI los postulantes con c\u00f3digos BCAL14-127,\nBCAL14-185, BCAL14-102, BCAL14-356, BCAL14-106, BCAL14-399, BCAL14-453,\nBCAL14-58, BCAL14-61, BCAL14-191, BCAL14-328, BCAL14-241, BCAL14-81 cumplieron\ncon los requisitos y fueron puntuados. No obstante, no son llamados a\nentrevistas teniendo en cuenta a los postulantes con mayores puntajes, a raz\u00f3n\nde al menos 1,5 de postulaciones, conforme a la expectativa de n\u00famero de becas\na otorgar.<\/p>\n\n\n\n<p>Igualmente,\nlos c\u00f3digos BCAL14-24, BCAL14-137, BCAL14-561, BCAL14-260, BCAL14-178,\nBCAL14-368, BCAL14-498, BCAL14-496, BCAL14-456, BCAL14-400, BCAL14-201 y\nBCAL14-303 no fueron admitidos por no cumplir con el criterio de ranking\ngeneral. <\/p>\n\n\n\n<p>Los c\u00f3digos\nBCAL14-309 y BCAL14-285 no fueron admitidos por no cumplir con la presentaci\u00f3n\nde la carta de admisi\u00f3n condicional o definitiva; el c\u00f3digo BCAL14-120 postul\u00f3\ncomo Maestr\u00eda en CTI, no obstante, correspondi\u00f3 evaluarlo con Maestr\u00eda\nEducaci\u00f3n.<\/p>\n\n\n\n<p>En\ncuanto a Maestr\u00edas en Educaci\u00f3n, los c\u00f3digos BCAL14-519, BCAL14-29 y BCAL14-487\nno fueron admitidos por no cumplir con el requisito dirigido a todas aquellas\npersonas que realicen estudios en educaci\u00f3n, que se encuentren prestando\nservicios en el \u00e1mbito de educaci\u00f3n con una antig\u00fcedad m\u00ednima de 12 meses a la\nfecha de postulaci\u00f3n (requisito excluyente). El c\u00f3digo BCAL14-439 no cumple con\nel requisito dirigido a todas aquellas personas que realicen estudios en\neducaci\u00f3n.<\/p>\n\n\n\n<p>Los\nc\u00f3digos BCAL14-481 y BCAL14-250 no cumplen con el requisito que se encuentren\nprestando servicios en el \u00e1mbito de educaci\u00f3n con una antig\u00fcedad m\u00ednima de 12 meses\na la fecha de postulaci\u00f3n; y el c\u00f3digo BCAL14-409 no fue admitido por no\ncumplir con la presentaci\u00f3n de la carta de admisi\u00f3n condicional o definitiva. <\/p>\n\n\n\n<p>Con\nrespecto a los Doctorados en CTI, el c\u00f3digo BCAL14-567 no fue admitido por no\ncumplir con el criterio de ranking general; el c\u00f3digo BCAL14-155 no fue\nadmitido por no presentar carta de admisi\u00f3n condicional o definitiva. Mientras\nque, en los Doctorados en Educaci\u00f3n, el c\u00f3digo BCAL14-528 no fue admitido por\nno presentar carta de admisi\u00f3n condicional o definitiva; el c\u00f3digo BCAL14-41 no\nfue admitido por no cumplir con el requisito que se encuentre prestando\nservicios en el \u00e1mbito de educaci\u00f3n con una antig\u00fcedad m\u00ednima de 12 meses a la\nfecha de postulaci\u00f3n. <\/p>\n\n\n\n<p>En\nel caso de las Maestr\u00edas Tem\u00e1ticas para Servidores P\u00fablicos quedan 10 preseleccionados\nde los 12 postulantes. El c\u00f3digo BTSP03-32 no fue admitido por no presentar\ncarta de admisi\u00f3n condicional o definitiva; mientras que el c\u00f3digo BTSP03-17 no\nfue admitido por no pertenecer a una Instituci\u00f3n P\u00fablica elegible.<\/p>\n\n\n\n<p>En cuanto a Movilidad Internacional de Grado se encuentran en la lista de preseleccionados 10 postulantes verificados. <\/p>\n\n\n\n<figure class=\"wp-block-image size-large\"><img decoding=\"async\" src=\"https:\/\/migracion.becal.gov.py\/wp-content\/uploads\/2022\/06\/2022-06-10-Preseleccionados-1024x765.jpeg\" alt=\"\" class=\"wp-image-9778\" \/><\/figure>\n<p>[learn_press_profile]<\/p>\n","protected":false},"excerpt":{"rendered":"<p>10\/06\/2022 El Programa Nacional de Becas al Exterior \u201cDon Carlos Antonio L\u00f3pez (BECAL), dependiente del Ministerio de Hacienda, da a conocer las listas de los preseleccionados de las convocatorias autogestionadas, correspondientes al primer semestre del 2022. Las listas pueden verse en estos enlaces de la [&hellip;]<\/p>\n","protected":false},"author":1,"featured_media":10672,"comment_status":"closed","ping_status":"closed","sticky":false,"template":"","format":"standard","meta":{"footnotes":""},"categories":[79],"tags":[],"class_list":["post-10671","post","type-post","status-publish","format-standard","has-post-thumbnail","hentry","category-sin-categoria"],"_links":{"self":[{"href":"https:\/\/migracion.becal.gov.py\/v2\/wp-json\/wp\/v2\/posts\/10671","targetHints":{"allow":["GET"]}}],"collection":[{"href":"https:\/\/migracion.becal.gov.py\/v2\/wp-json\/wp\/v2\/posts"}],"about":[{"href":"https:\/\/migracion.becal.gov.py\/v2\/wp-json\/wp\/v2\/types\/post"}],"author":[{"embeddable":true,"href":"https:\/\/migracion.becal.gov.py\/v2\/wp-json\/wp\/v2\/users\/1"}],"replies":[{"embeddable":true,"href":"https:\/\/migracion.becal.gov.py\/v2\/wp-json\/wp\/v2\/comments?post=10671"}],"version-history":[{"count":1,"href":"https:\/\/migracion.becal.gov.py\/v2\/wp-json\/wp\/v2\/posts\/10671\/revisions"}],"predecessor-version":[{"id":16461,"href":"https:\/\/migracion.becal.gov.py\/v2\/wp-json\/wp\/v2\/posts\/10671\/revisions\/16461"}],"wp:featuredmedia":[{"embeddable":true,"href":"https:\/\/migracion.becal.gov.py\/v2\/wp-json\/wp\/v2\/media\/10672"}],"wp:attachment":[{"href":"https:\/\/migracion.becal.gov.py\/v2\/wp-json\/wp\/v2\/media?parent=10671"}],"wp:term":[{"taxonomy":"category","embeddable":true,"href":"https:\/\/migracion.becal.gov.py\/v2\/wp-json\/wp\/v2\/categories?post=10671"},{"taxonomy":"post_tag","embeddable":true,"href":"https:\/\/migracion.becal.gov.py\/v2\/wp-json\/wp\/v2\/tags?post=10671"}],"curies":[{"name":"wp","href":"https:\/\/api.w.org\/{rel}","templated":true}]}}