{"id":10688,"date":"2022-05-19T17:31:08","date_gmt":"2022-05-19T17:31:08","guid":{"rendered":"https:\/\/becal.gov.py\/v2\/?p=9681"},"modified":"2023-03-08T03:59:04","modified_gmt":"2023-03-08T03:59:04","slug":"ex-becarios-abogan-por-sostenibilidad-de-becal-para-seguir-formando-capital-humano-avanzado-en-el-pais","status":"publish","type":"post","link":"https:\/\/migracion.becal.gov.py\/v2\/2022\/05\/19\/ex-becarios-abogan-por-sostenibilidad-de-becal-para-seguir-formando-capital-humano-avanzado-en-el-pais\/","title":{"rendered":"Ex becarios abogan por sostenibilidad de BECAL para seguir formando capital humano avanzado en el pa\u00eds"},"content":{"rendered":"\n<p>19\/05\/2022 Ex becarios del Programa Nacional de Becas de Postgrados en el Exterior \u201cDon Carlos Antonio L\u00f3pez\u201d (BECAL), dependiente del Ministerio de Hacienda, coincidieron en abogar por la sostenibilidad del Programa para seguir formando capital humano avanzado en el pa\u00eds. Fue ayer en el marco del di\u00e1logo desarrollado entre autoridades del sector p\u00fablico y representantes de la sociedad civil con un grupo de becarios retornados. <\/p>\n\n\n\n<figure class=\"wp-block-image size-large\"><img decoding=\"async\" src=\"https:\/\/migracion.becal.gov.py\/wp-content\/uploads\/2022\/05\/2022-05-18-reu-1-1024x614.jpeg\" alt=\"\" class=\"wp-image-9676\" \/><\/figure>\n\n\n\n<p>Los mismos manifestaron su\nagradecimiento a BECAL por permitirles especializarse en \u00e1reas de su inter\u00e9s en\nel exterior para despu\u00e9s poder aportar con sus conocimientos adquiridos. Resaltaron\nque el Programa tiene un gran impacto en los becarios, porque adem\u00e1s de cubrir\nlos costos de sus estudios les da la oportunidad de dedicarse exclusivamente a\nello, sin estar preocup\u00e1ndose en ese momento por generar ingresos. <\/p>\n\n\n\n<p>Igualmente enfatizaron que el impacto en la formaci\u00f3n del capital humano avanzado por parte de BECAL ser\u00eda tambi\u00e9n de mucha relevancia para los estudiantes de doctorados y posdoctorados si se genera ambiente de oportunidades con los sectores del pa\u00eds para cuando los becarios est\u00e9n de vuelta. En este contexto se refiri\u00f3 la necesidad de generar pol\u00edticas p\u00fablicas para evitar la fuga de becarios, as\u00ed como acelerar en lo que crea conveniente el Gobierno para continuar con el Programa, y que haya recursos para seguir multiplicando el impacto para el pa\u00eds. <\/p>\n\n\n\n<p>Algunos de los puntos\nresaltados por los ex becarios es que, si bien actualmente la tecnolog\u00eda es un\nfactor importante para el crecimiento de la econom\u00eda de Paraguay y de los dem\u00e1s\npa\u00edses, en el futuro, el capital humano avanzado tambi\u00e9n ser\u00e1 clave, por lo que\nla sostenibilidad del Programa es relevante para permitir que m\u00e1s j\u00f3venes\ntengan la oportunidad de especializarse en algunas de las \u00e1reas prioritarias\npara el pa\u00eds.<\/p>\n\n\n\n<p>Otros aspectos en los que recalcaron es la generaci\u00f3n de espacios m\u00e1s constantes entre el sector p\u00fablico, el privado y la academia para ofrecer oportunidades a los becarios; as\u00ed como tambi\u00e9n la formaci\u00f3n en el exterior acorde a las necesidades del pa\u00eds considerando el contexto actual tanto nacional e internacional para que el impacto de BECAL sea mucho m\u00e1s eficiente. <\/p>\n\n\n\n<figure class=\"wp-block-image size-large\"><img decoding=\"async\" src=\"https:\/\/migracion.becal.gov.py\/wp-content\/uploads\/2022\/05\/2022-05-19-ex-becarios-1024x682.jpeg\" alt=\"\" class=\"wp-image-9683\" \/><\/figure>\n\n\n\n<figure class=\"wp-block-image size-large\"><img decoding=\"async\" src=\"https:\/\/migracion.becal.gov.py\/wp-content\/uploads\/2022\/05\/2022-05-19-Deysi-Gonz\u00e1lez-ex-becaria-1024x682.jpeg\" alt=\"\" class=\"wp-image-9682\" \/><\/figure>\n\n\n\n<figure class=\"wp-block-image size-large\"><img decoding=\"async\" src=\"https:\/\/migracion.becal.gov.py\/wp-content\/uploads\/2022\/05\/WhatsApp-Image-2022-05-19-at-1.25.29-PM-1024x682.jpeg\" alt=\"\" class=\"wp-image-9684\" \/><\/figure>\n\n\n\n<figure class=\"wp-block-image size-large\"><img decoding=\"async\" src=\"https:\/\/migracion.becal.gov.py\/wp-content\/uploads\/2022\/05\/WhatsApp-Image-2022-05-19-at-1.25.28-PM-1-1024x682.jpeg\" alt=\"\" class=\"wp-image-9685\" \/><\/figure>\n\n\n\n<figure class=\"wp-block-image size-large\"><img decoding=\"async\" src=\"https:\/\/migracion.becal.gov.py\/wp-content\/uploads\/2022\/05\/WhatsApp-Image-2022-05-19-at-1.25.28-PM-1024x682.jpeg\" alt=\"\" class=\"wp-image-9686\" \/><\/figure>\n\n\n\n<figure class=\"wp-block-image size-large\"><img decoding=\"async\" src=\"https:\/\/migracion.becal.gov.py\/wp-content\/uploads\/2022\/05\/WhatsApp-Image-2022-05-19-at-1.25.29-PM-1-1-1024x682.jpeg\" alt=\"\" class=\"wp-image-9688\" \/><\/figure>\n<p>[learn_press_profile]<\/p>\n","protected":false},"excerpt":{"rendered":"<p>19\/05\/2022 Ex becarios del Programa Nacional de Becas de Postgrados en el Exterior \u201cDon Carlos Antonio L\u00f3pez\u201d (BECAL), dependiente del Ministerio de Hacienda, coincidieron en abogar por la sostenibilidad del Programa para seguir formando capital humano avanzado en el pa\u00eds. Fue ayer en el marco [&hellip;]<\/p>\n","protected":false},"author":1,"featured_media":10695,"comment_status":"closed","ping_status":"closed","sticky":false,"template":"","format":"standard","meta":{"footnotes":""},"categories":[79],"tags":[],"class_list":["post-10688","post","type-post","status-publish","format-standard","has-post-thumbnail","hentry","category-sin-categoria"],"_links":{"self":[{"href":"https:\/\/migracion.becal.gov.py\/v2\/wp-json\/wp\/v2\/posts\/10688","targetHints":{"allow":["GET"]}}],"collection":[{"href":"https:\/\/migracion.becal.gov.py\/v2\/wp-json\/wp\/v2\/posts"}],"about":[{"href":"https:\/\/migracion.becal.gov.py\/v2\/wp-json\/wp\/v2\/types\/post"}],"author":[{"embeddable":true,"href":"https:\/\/migracion.becal.gov.py\/v2\/wp-json\/wp\/v2\/users\/1"}],"replies":[{"embeddable":true,"href":"https:\/\/migracion.becal.gov.py\/v2\/wp-json\/wp\/v2\/comments?post=10688"}],"version-history":[{"count":1,"href":"https:\/\/migracion.becal.gov.py\/v2\/wp-json\/wp\/v2\/posts\/10688\/revisions"}],"predecessor-version":[{"id":16839,"href":"https:\/\/migracion.becal.gov.py\/v2\/wp-json\/wp\/v2\/posts\/10688\/revisions\/16839"}],"wp:featuredmedia":[{"embeddable":true,"href":"https:\/\/migracion.becal.gov.py\/v2\/wp-json\/wp\/v2\/media\/10695"}],"wp:attachment":[{"href":"https:\/\/migracion.becal.gov.py\/v2\/wp-json\/wp\/v2\/media?parent=10688"}],"wp:term":[{"taxonomy":"category","embeddable":true,"href":"https:\/\/migracion.becal.gov.py\/v2\/wp-json\/wp\/v2\/categories?post=10688"},{"taxonomy":"post_tag","embeddable":true,"href":"https:\/\/migracion.becal.gov.py\/v2\/wp-json\/wp\/v2\/tags?post=10688"}],"curies":[{"name":"wp","href":"https:\/\/api.w.org\/{rel}","templated":true}]}}