{"id":10743,"date":"2022-04-26T13:05:27","date_gmt":"2022-04-26T13:05:27","guid":{"rendered":"https:\/\/becal.gov.py\/v2\/?p=9549"},"modified":"2023-03-05T13:12:19","modified_gmt":"2023-03-05T13:12:19","slug":"becal-compartio-con-profesionales-y-universitarios-del-guaira-los-pasos-para-postularse-a-las-mas-de-200-becas-disponibles-hasta-mayo","status":"publish","type":"post","link":"https:\/\/migracion.becal.gov.py\/v2\/2022\/04\/26\/becal-compartio-con-profesionales-y-universitarios-del-guaira-los-pasos-para-postularse-a-las-mas-de-200-becas-disponibles-hasta-mayo\/","title":{"rendered":"BECAL comparti\u00f3 con profesionales y universitarios del Guair\u00e1 los pasos para postularse a las m\u00e1s de 200 becas disponibles hasta mayo"},"content":{"rendered":"\n<p>26\/04\/2022 En el marco de la Charla Informativa a nivel nacional encarada por el Programa Nacional de Becas de Postgrados en el exterior \u201cDon Carlos Antonio L\u00f3pez\u201d (BECAL), tras la pandemia, el Equipo T\u00e9cnico lleg\u00f3 ayer hasta el Departamento de Guair\u00e1 para detallar a profesionales y universitarios los pasos para postularse a las diversas becas disponibles por el Programa. La Facultad Polit\u00e9cnica de la Universidad Nacional de Asunci\u00f3n (UNA), sede Villarrica y la Universidad Nacional de Villarrica del Esp\u00edritu Santo (UNVES) fueron escenarios de las charlas en dicha capital departamental con la presencia de variados p\u00fablicos interesados en las oportunidades. <\/p>\n\n\n\n<p>La coordinadora general de BECAL,\nAndrea Picaso, explic\u00f3 las diferentes modalidades de becas, profundizando los\ndetalles de las Autogestionadas, ya que estas requieren que el postulante\nescoja y gestione la admisi\u00f3n a la universidad, la cual debe estar entre los\nprimeros lugares del ranking mundial. En este contexto hizo hincapi\u00e9 en que Becal\nes un Programa de excelencia acad\u00e9mica, por lo que incide bastante la\nuniversidad que haya admitido al postulante, pues se priorizan a las\nuniversidades con mejores ubicaciones en el ranking. <\/p>\n\n\n\n<p>Recalc\u00f3 que esta exigencia no es\nun impedimento, ya actualmente hay m\u00e1s profesionales paraguayos que llegan a\nlas mejores universidades del mundo para hacer sus maestr\u00edas, doctorados y\nposdoctorados. Inst\u00f3 a los j\u00f3venes guaire\u00f1os a prepararse; informarse a\nprofundidad sobre los requisitos y las condiciones para aplicar a las becas,\nque ofrece Becal, cuyo objetivo es la formaci\u00f3n de capital humano avanzado.<\/p>\n\n\n\n<p>Del 2015 al 31 de marzo de este\na\u00f1o, Paraguay cuenta con m\u00e1s de 2.500 becarios de BECAL. De esta cantidad, 46\nbecarios provienen del Departamento de Guair\u00e1; y el Programa anima a los\nguaire\u00f1os a aumentar esta cantidad sumando experiencias acad\u00e9micas adquiridas\nen el exterior.<\/p>\n\n\n\n<p>De las m\u00e1s de 200 becas\ndisponibles a las cuales postularse hasta mayo pr\u00f3ximo, se detall\u00f3 que con la\nModalidad Autogestionada existen 120 becas para Maestr\u00edas, Doctorados,\nPosdoctorados, as\u00ed como para Movilidad de Grado, a las cuales pueden postularse\nhasta el domingo 8 de mayo, a trav\u00e9s del SPI: <a href=\"https:\/\/spi.conacyt.gov.py\/user\">https:\/\/spi.conacyt.gov.py\/user<\/a>. Con\nla Modalidad Asistida, ahora mismo, hay 87 becas para Maestr\u00edas y Doctorados en\nCanad\u00e1 y EEUU, Posdoctorados en Espa\u00f1a e Idiomas en el pa\u00eds para estudiantes\nuniversitarios, con fechas variadas para las postulaciones.<\/p>\n\n\n\n<p>Las Gu\u00edas de Bases y Condiciones\n(GBC) de las becas en vigencia de postulaci\u00f3n se encuentran disponibles en <a href=\"https:\/\/bit.ly\/3v8Ftht\">https:\/\/bit.ly\/3v8Ftht<\/a> y <a href=\"https:\/\/bit.ly\/3D0gpwx\">https:\/\/bit.ly\/3D0gpwx<\/a>, respectivamente para la\nModalidad Autogestionada. Y en <a href=\"https:\/\/bit.ly\/3uk4GpJ\">https:\/\/bit.ly\/3uk4GpJ<\/a><strong>; <\/strong><a href=\"https:\/\/bit.ly\/3ukEWJW\">https:\/\/bit.ly\/3ukEWJW<\/a>; <a href=\"https:\/\/bit.ly\/3OrkZJF\">https:\/\/bit.ly\/3OrkZJF<\/a> y <a href=\"https:\/\/bit.ly\/3LlsKyt\">https:\/\/bit.ly\/3LlsKyt<\/a>, respectivamente para la Modalidad\nAsistida.<\/p>\n\n\n\n<p>En estos enlaces se encuentran las posiciones (rankings) de las universidades mundiales. QS: <a href=\"https:\/\/bit.ly\/35x5dvc\">https:\/\/bit.ly\/35x5dvc<\/a>; ARWU: <a href=\"https:\/\/bit.ly\/3pLn48p\">https:\/\/bit.ly\/3pLn48p<\/a>; The Times: &nbsp;<a href=\"https:\/\/bit.ly\/3618zGI\">https:\/\/bit.ly\/3618zGI<\/a>; CONICYT Chile <a href=\"https:\/\/bit.ly\/3hIpO23\">https:\/\/bit.ly\/3hIpO23<\/a>. <\/p>\n\n\n\n<figure class=\"wp-block-image size-large\"><img decoding=\"async\" src=\"https:\/\/migracion.becal.gov.py\/wp-content\/uploads\/2022\/04\/2022-04-25-UNVES-1024x768.jpeg\" alt=\"\" class=\"wp-image-9550\" \/><\/figure>\n\n\n\n<figure class=\"wp-block-gallery columns-1 is-cropped wp-block-gallery-1 is-layout-flex wp-block-gallery-is-layout-flex\"><ul class=\"blocks-gallery-grid\"><li class=\"blocks-gallery-item\"><figure><img decoding=\"async\" src=\"https:\/\/migracion.becal.gov.py\/wp-content\/uploads\/2022\/04\/2022-04-25-Polit\u00e9cnica-Villarrica-1024x768.jpeg\" alt=\"\" data-id=\"9551\" data-full-url=\"https:\/\/migracion.becal.gov.py\/wp-content\/uploads\/2022\/04\/2022-04-25-Polit\u00e9cnica-Villarrica.jpeg\" data-link=\"https:\/\/migracion.becal.gov.py\/?attachment_id=9551\" class=\"wp-image-9551\" \/><\/figure><\/li><\/ul><\/figure>\n<p>[learn_press_profile]<\/p>\n","protected":false},"excerpt":{"rendered":"<p>26\/04\/2022 En el marco de la Charla Informativa a nivel nacional encarada por el Programa Nacional de Becas de Postgrados en el exterior \u201cDon Carlos Antonio L\u00f3pez\u201d (BECAL), tras la pandemia, el Equipo T\u00e9cnico lleg\u00f3 ayer hasta el Departamento de Guair\u00e1 para detallar a profesionales [&hellip;]<\/p>\n","protected":false},"author":1,"featured_media":10745,"comment_status":"closed","ping_status":"closed","sticky":false,"template":"","format":"standard","meta":{"footnotes":""},"categories":[79],"tags":[],"class_list":["post-10743","post","type-post","status-publish","format-standard","has-post-thumbnail","hentry","category-sin-categoria"],"_links":{"self":[{"href":"https:\/\/migracion.becal.gov.py\/v2\/wp-json\/wp\/v2\/posts\/10743","targetHints":{"allow":["GET"]}}],"collection":[{"href":"https:\/\/migracion.becal.gov.py\/v2\/wp-json\/wp\/v2\/posts"}],"about":[{"href":"https:\/\/migracion.becal.gov.py\/v2\/wp-json\/wp\/v2\/types\/post"}],"author":[{"embeddable":true,"href":"https:\/\/migracion.becal.gov.py\/v2\/wp-json\/wp\/v2\/users\/1"}],"replies":[{"embeddable":true,"href":"https:\/\/migracion.becal.gov.py\/v2\/wp-json\/wp\/v2\/comments?post=10743"}],"version-history":[{"count":1,"href":"https:\/\/migracion.becal.gov.py\/v2\/wp-json\/wp\/v2\/posts\/10743\/revisions"}],"predecessor-version":[{"id":16745,"href":"https:\/\/migracion.becal.gov.py\/v2\/wp-json\/wp\/v2\/posts\/10743\/revisions\/16745"}],"wp:featuredmedia":[{"embeddable":true,"href":"https:\/\/migracion.becal.gov.py\/v2\/wp-json\/wp\/v2\/media\/10745"}],"wp:attachment":[{"href":"https:\/\/migracion.becal.gov.py\/v2\/wp-json\/wp\/v2\/media?parent=10743"}],"wp:term":[{"taxonomy":"category","embeddable":true,"href":"https:\/\/migracion.becal.gov.py\/v2\/wp-json\/wp\/v2\/categories?post=10743"},{"taxonomy":"post_tag","embeddable":true,"href":"https:\/\/migracion.becal.gov.py\/v2\/wp-json\/wp\/v2\/tags?post=10743"}],"curies":[{"name":"wp","href":"https:\/\/api.w.org\/{rel}","templated":true}]}}