{"id":10755,"date":"2022-04-20T20:18:12","date_gmt":"2022-04-20T20:18:12","guid":{"rendered":"https:\/\/becal.gov.py\/v2\/?p=9522"},"modified":"2023-03-04T12:46:13","modified_gmt":"2023-03-04T12:46:13","slug":"becal-anima-a-caaguacenos-a-sumarse-a-las-experiencias-de-los-122-becarios-del-departamento","status":"publish","type":"post","link":"https:\/\/migracion.becal.gov.py\/v2\/2022\/04\/20\/becal-anima-a-caaguacenos-a-sumarse-a-las-experiencias-de-los-122-becarios-del-departamento\/","title":{"rendered":"BECAL anima a caaguace\u00f1os a sumarse a las experiencias de los 122 becarios del Departamento"},"content":{"rendered":"\n<p>20\/04\/2022 En el marco del ciclo de las charlas informativas en el interior del pa\u00eds del Programa Nacional de Becas de Posgrados en el Exterior \u201cDon Carlos Antonio L\u00f3pez\u201d (BECAL), el Equipo T\u00e9cnico lleg\u00f3 hoy hasta el Departamento de Caaguaz\u00fa para explicar y evacuar consultas sobre las diversas becas disponibles. Estudiantes, acad\u00e9micos e investigadores de la Universidad Nacional de Caaguaz\u00fa (UNCA) y la Facultad Polit\u00e9cnica de la Universidad Nacional de Asunci\u00f3n, sede Coronel Oviedo, se interiorizaron de los detalles para la postulaci\u00f3n a las convocatorias abiertas.<\/p>\n\n\n\n<p>La coordinadora general del\nPrograma, Andrea Picaso, anim\u00f3 a los caaguace\u00f1os a presentarse a las oportunidades\nexistentes o en las pr\u00f3ximas convocatorias en caso que en esta oportunidad no\nlogren reunir todos los requisitos. Enfatiz\u00f3 la importancia de prepararse\nacad\u00e9micamente y legalmente con los documentos para los procesos.<\/p>\n\n\n\n<p>Del 2015 a marzo de este a\u00f1o, un\ntotal de 122 becarios de BECAL provienen del Departamento de Caaguaz\u00fa. De esta\ncantidad, 63 est\u00e1n estudiando todav\u00eda; mientras que 59 ya retornaron a\nParaguay, tras concluir sus estudios de Maestr\u00edas y\/o Doctorados en las mejores\nuniversidades del mundo; as\u00ed como tambi\u00e9n estudiantes que realizaron o est\u00e1n\nrealizando Movilidad de Grado por un semestre en el exterior.<\/p>\n\n\n\n<p>En este contexto, del Departamento de Caaguaz\u00fa 66 beneficiarios con las becas de BECAL son docentes, que se especializaron en el exterior en el \u00e1rea de la Educaci\u00f3n. El resto de los becarios de la zona estudian carreras del \u00e1rea de Humanidades\u00a0(42); Ciencias Sociales (5); Ciencias M\u00e9dicas (3); Ciencias Exactas y Naturales (3); Ciencias Agr\u00edcolas (2) e Ingenier\u00eda y Tecnolog\u00eda (1). <\/p>\n\n\n\n<p>En este primer semestre, Becal\ncuenta con alrededor de 200 becas para Maestr\u00edas, Doctorados y Posdoctorados en\nel exterior; Movilidad Internacional de Grado y cursos de Idiomas en Paraguay\npara estudiantes universitarios o en proceso de elaboraci\u00f3n de tesis.<\/p>\n\n\n\n<p>El objetivo del Programa es la\nformaci\u00f3n de capital humano avanzado a trav\u00e9s de los posgrados en el exterior,\npor lo que las becas ofrecidas son de excelencia acad\u00e9mica. Los rankings de las\nuniversidades para el proceso de la postulaci\u00f3n a las becas tienen mucha\nincidencia a la hora de la selecci\u00f3n de los becarios, dependiendo del programa\nde la Modalidad Autogestionada.<\/p>\n\n\n\n<p>Las postulaciones a estas becas pueden hacerse hasta el domingo 8 de mayo del 2022; as\u00ed como tambi\u00e9n a las de Idiomas que est\u00e1n dentro de la Modalidad Asistida. Las Gu\u00edas de Bases y Condiciones (GBC) de las becas con Modalidad Autogestionada se encuentran en este enlace <a href=\"https:\/\/bit.ly\/3IyxmQx\">https:\/\/bit.ly\/3IyxmQx<\/a> y las GBC de las becas con Modalidad Asistida se encuentran en estos enlaces: <a href=\"https:\/\/bit.ly\/3HrIGNa\">https:\/\/bit.ly\/3HrIGNa<\/a> y <a href=\"https:\/\/bit.ly\/3hsX3pN\">https:\/\/bit.ly\/3hsX3pN<\/a>, respectivamente. <\/p>\n\n\n\n<figure class=\"wp-block-image size-large\"><img decoding=\"async\" src=\"https:\/\/migracion.becal.gov.py\/wp-content\/uploads\/2022\/04\/2022-04-20-UNCA-Oviedo.jpeg\" alt=\"\" class=\"wp-image-9523\" \/><\/figure>\n\n\n\n<figure class=\"wp-block-image size-large\"><img decoding=\"async\" src=\"https:\/\/migracion.becal.gov.py\/wp-content\/uploads\/2022\/04\/2022-04-20-OVIEDO-Polit\u00e9cnica-UNA-1024x773.jpeg\" alt=\"\" class=\"wp-image-9524\" \/><\/figure>\n<p>[learn_press_profile]<\/p>\n","protected":false},"excerpt":{"rendered":"<p>20\/04\/2022 En el marco del ciclo de las charlas informativas en el interior del pa\u00eds del Programa Nacional de Becas de Posgrados en el Exterior \u201cDon Carlos Antonio L\u00f3pez\u201d (BECAL), el Equipo T\u00e9cnico lleg\u00f3 hoy hasta el Departamento de Caaguaz\u00fa para explicar y evacuar consultas [&hellip;]<\/p>\n","protected":false},"author":1,"featured_media":10756,"comment_status":"closed","ping_status":"closed","sticky":false,"template":"","format":"standard","meta":{"footnotes":""},"categories":[89,85,79],"tags":[],"class_list":["post-10755","post","type-post","status-publish","format-standard","has-post-thumbnail","hentry","category-becarios","category-convocatorias","category-sin-categoria"],"_links":{"self":[{"href":"https:\/\/migracion.becal.gov.py\/v2\/wp-json\/wp\/v2\/posts\/10755","targetHints":{"allow":["GET"]}}],"collection":[{"href":"https:\/\/migracion.becal.gov.py\/v2\/wp-json\/wp\/v2\/posts"}],"about":[{"href":"https:\/\/migracion.becal.gov.py\/v2\/wp-json\/wp\/v2\/types\/post"}],"author":[{"embeddable":true,"href":"https:\/\/migracion.becal.gov.py\/v2\/wp-json\/wp\/v2\/users\/1"}],"replies":[{"embeddable":true,"href":"https:\/\/migracion.becal.gov.py\/v2\/wp-json\/wp\/v2\/comments?post=10755"}],"version-history":[{"count":1,"href":"https:\/\/migracion.becal.gov.py\/v2\/wp-json\/wp\/v2\/posts\/10755\/revisions"}],"predecessor-version":[{"id":16714,"href":"https:\/\/migracion.becal.gov.py\/v2\/wp-json\/wp\/v2\/posts\/10755\/revisions\/16714"}],"wp:featuredmedia":[{"embeddable":true,"href":"https:\/\/migracion.becal.gov.py\/v2\/wp-json\/wp\/v2\/media\/10756"}],"wp:attachment":[{"href":"https:\/\/migracion.becal.gov.py\/v2\/wp-json\/wp\/v2\/media?parent=10755"}],"wp:term":[{"taxonomy":"category","embeddable":true,"href":"https:\/\/migracion.becal.gov.py\/v2\/wp-json\/wp\/v2\/categories?post=10755"},{"taxonomy":"post_tag","embeddable":true,"href":"https:\/\/migracion.becal.gov.py\/v2\/wp-json\/wp\/v2\/tags?post=10755"}],"curies":[{"name":"wp","href":"https:\/\/api.w.org\/{rel}","templated":true}]}}