{"id":10773,"date":"2022-04-07T16:20:39","date_gmt":"2022-04-07T16:20:39","guid":{"rendered":"https:\/\/becal.gov.py\/v2\/?p=9458"},"modified":"2023-03-04T10:56:57","modified_gmt":"2023-03-04T10:56:57","slug":"estudiantes-de-la-docencia-y-especialistas-en-educacion-se-interiorizaron-con-becal-de-los-procesos-de-postulaciones-a-becas","status":"publish","type":"post","link":"https:\/\/migracion.becal.gov.py\/v2\/2022\/04\/07\/estudiantes-de-la-docencia-y-especialistas-en-educacion-se-interiorizaron-con-becal-de-los-procesos-de-postulaciones-a-becas\/","title":{"rendered":"Estudiantes de la docencia y especialistas en educaci\u00f3n de INAES se interiorizaron con BECAL de los procesos de postulaciones a becas"},"content":{"rendered":"\n<p>07\/04\/2022 El Programa Nacional de Becas de Posgrados en el Exterior \u201cDon Carlos Antonio L\u00f3pez\u201d (BECAL), dependiente del Ministerio de Hacienda, se traslad\u00f3 hoy hasta el Instituto Nacional de Educaci\u00f3n Superior &#8220;Dr. Ra\u00fal Pe\u00f1a&#8221; (INAES), Asunci\u00f3n, para informar a estudiantes de la docencia y especialistas en educaci\u00f3n las convocatorias abiertas de becas y los procesos para postularse a las mismas. BECAL busca fortalecer la formaci\u00f3n de capital humano avanzado en todas las \u00e1reas y en todo el pa\u00eds, por lo que prosigue con su ciclo de charlas informativas en todo el territorio nacional.<\/p>\n\n\n\n<p>Los profesionales interesados en\nestudiar Maestr\u00edas, Doctorados y Posdoctorados en el exterior; as\u00ed como los\nestudiantes con inter\u00e9s en hacer una Movilidad Internacional, por un semestre,\ntienen tiempo hasta el pr\u00f3ximo 8 de mayo para postularse a las becas con\nModalidad Autogestionada. En esta l\u00ednea, la coordinadora general de BECAL,\nAndrea Picaso, anim\u00f3 a los presentes a iniciar sus procesos, que si no sale en\nesta primera convocatoria podr\u00e1 en la siguiente, ya que la postulaci\u00f3n requiere\nuna preparaci\u00f3n en cuanto a documentaciones acad\u00e9micas y legales.<\/p>\n\n\n\n<p>El \u00e9nfasis principal es sobre el\nranking mundial de las universidades, mirando siempre la excelencia acad\u00e9mica\nque impulsa BECAL. Bajo la Modalidad Autogestionada, el postulante debe obtener\nla carta de admisi\u00f3n de una de las universidades rankeadas y de acuerdo al\nprograma de elecci\u00f3n. M\u00e1s detalles al respecto se encuentran en: &nbsp;<a href=\"https:\/\/migracion.becal.gov.py\/modalidad-autogestionada\/\">https:\/\/migracion.becal.gov.py\/modalidad-autogestionada\/<\/a>\nLas Gu\u00edas de Bases y Condiciones de estas becas est\u00e1n\ndisponibles en: <a href=\"https:\/\/bit.ly\/3IyxmQx\">https:\/\/bit.ly\/3IyxmQx<\/a><\/p>\n\n\n\n<p>Igualmente les brind\u00f3 detalles de\nlas becas con Modalidad Asistida, que\nincluyen tambi\u00e9n a Movilidad de Grado con plazo\nde postulaci\u00f3n hasta el pr\u00f3ximo 18 de abril; a Maestr\u00edas y Doctorados para\nCanad\u00e1, a las que pueden postularse\nhasta el 30 de abril; e Idiomas en el pa\u00eds para\nestudiantes universitarios, cuyo plazo\nde postulaci\u00f3n es\nhasta el 8 de mayo. Las\nGBC de las mismas se encuentran en <a href=\"https:\/\/bit.ly\/3MebcVX\">https:\/\/bit.ly\/3MebcVX<\/a>; <a href=\"https:\/\/bit.ly\/3hsX3pN\">https:\/\/bit.ly\/3hsX3pN<\/a> y <a href=\"https:\/\/bit.ly\/3HrIGNa\">https:\/\/bit.ly\/3HrIGNa<\/a>, respectivamente. <\/p>\n\n\n\n<p>Ma\u00f1ana, viernes 8 BECAL estar\u00e1 en Encarnaci\u00f3n\ndesde la Universidad Nacional de Itapu\u00e1 para informar tambi\u00e9n a los\nestudiantes, acad\u00e9micos y profesionales de la zona. <\/p>\n\n\n\n<p>El objetivo del Programa es la formaci\u00f3n de capital humano avanzado a trav\u00e9s de los posgrados en el exterior y becas complementarias como el Idioma a universitarios a fin de prepararse para el futuro. <\/p>\n\n\n\n<figure class=\"wp-block-image size-large\"><img decoding=\"async\" src=\"https:\/\/migracion.becal.gov.py\/wp-content\/uploads\/2022\/04\/2022-04-07-INAES-1-1024x596.jpeg\" alt=\"\" class=\"wp-image-9459\" \/><\/figure>\n<p>[learn_press_profile]<\/p>\n","protected":false},"excerpt":{"rendered":"<p>07\/04\/2022 El Programa Nacional de Becas de Posgrados en el Exterior \u201cDon Carlos Antonio L\u00f3pez\u201d (BECAL), dependiente del Ministerio de Hacienda, se traslad\u00f3 hoy hasta el Instituto Nacional de Educaci\u00f3n Superior &#8220;Dr. Ra\u00fal Pe\u00f1a&#8221; (INAES), Asunci\u00f3n, para informar a estudiantes de la docencia y especialistas [&hellip;]<\/p>\n","protected":false},"author":1,"featured_media":10774,"comment_status":"closed","ping_status":"closed","sticky":false,"template":"","format":"standard","meta":{"footnotes":""},"categories":[79],"tags":[],"class_list":["post-10773","post","type-post","status-publish","format-standard","has-post-thumbnail","hentry","category-sin-categoria"],"_links":{"self":[{"href":"https:\/\/migracion.becal.gov.py\/v2\/wp-json\/wp\/v2\/posts\/10773","targetHints":{"allow":["GET"]}}],"collection":[{"href":"https:\/\/migracion.becal.gov.py\/v2\/wp-json\/wp\/v2\/posts"}],"about":[{"href":"https:\/\/migracion.becal.gov.py\/v2\/wp-json\/wp\/v2\/types\/post"}],"author":[{"embeddable":true,"href":"https:\/\/migracion.becal.gov.py\/v2\/wp-json\/wp\/v2\/users\/1"}],"replies":[{"embeddable":true,"href":"https:\/\/migracion.becal.gov.py\/v2\/wp-json\/wp\/v2\/comments?post=10773"}],"version-history":[{"count":1,"href":"https:\/\/migracion.becal.gov.py\/v2\/wp-json\/wp\/v2\/posts\/10773\/revisions"}],"predecessor-version":[{"id":16711,"href":"https:\/\/migracion.becal.gov.py\/v2\/wp-json\/wp\/v2\/posts\/10773\/revisions\/16711"}],"wp:featuredmedia":[{"embeddable":true,"href":"https:\/\/migracion.becal.gov.py\/v2\/wp-json\/wp\/v2\/media\/10774"}],"wp:attachment":[{"href":"https:\/\/migracion.becal.gov.py\/v2\/wp-json\/wp\/v2\/media?parent=10773"}],"wp:term":[{"taxonomy":"category","embeddable":true,"href":"https:\/\/migracion.becal.gov.py\/v2\/wp-json\/wp\/v2\/categories?post=10773"},{"taxonomy":"post_tag","embeddable":true,"href":"https:\/\/migracion.becal.gov.py\/v2\/wp-json\/wp\/v2\/tags?post=10773"}],"curies":[{"name":"wp","href":"https:\/\/api.w.org\/{rel}","templated":true}]}}