{"id":10775,"date":"2022-04-06T12:53:08","date_gmt":"2022-04-06T12:53:08","guid":{"rendered":"https:\/\/becal.gov.py\/v2\/?p=9445"},"modified":"2023-03-06T18:47:33","modified_gmt":"2023-03-06T18:47:33","slug":"becal-brindo-detalles-de-como-postular-para-las-becas-a-profesionales-y-universitarios-de-la-una","status":"publish","type":"post","link":"https:\/\/migracion.becal.gov.py\/v2\/2022\/04\/06\/becal-brindo-detalles-de-como-postular-para-las-becas-a-profesionales-y-universitarios-de-la-una\/","title":{"rendered":"BECAL brind\u00f3 detalles de c\u00f3mo postular para las becas a profesionales y universitarios de la UNA"},"content":{"rendered":"\n<p>06\/04\/2022 Con el objetivo de fortalecer la formaci\u00f3n de capital humano avanzado a lo largo del territorio nacional, el Programa Nacional de Becas de Posgrados en el Exterior \u201cDon Carlos Antonio L\u00f3pez\u201d (BECAL), dependiente del Ministerio de Hacienda, prosigue con el ciclo de charlas informativas en el interior del pa\u00eds, Asunci\u00f3n y Central, en forma presencial y online, atendiendo que hasta el 8 de mayo los interesados pueden aplicar a las becas. Anoche, BECAL brind\u00f3 detalles y evacu\u00f3 consultas durante una charla informativa dirigida a estudiantes, investigadores y acad\u00e9micos de la Universidad Nacional de Asunci\u00f3n (UNA).<\/p>\n\n\n\n<p>Becal cuenta con m\u00e1s de\n170 becas disponibles, cuya postulaci\u00f3n puede realizarse a trav\u00e9s del Sistema\nde Postulaci\u00f3n a Instrumentos (SPI), en el marco de la primera convocatoria del\na\u00f1o. Dentro de la Modalidad Autogestionada hay 110 plazas para Maestr\u00edas,\nDoctorados y Posdoctorados; as\u00ed como Movilidad de Grado en el exterior, a las\nque pueden postularse hasta el pr\u00f3ximo\n8 de mayo. Las Gu\u00edas de Bases y Condiciones se encuentran en este\nenlace <a href=\"https:\/\/bit.ly\/3IyxmQx\">https:\/\/bit.ly\/3IyxmQx<\/a><\/p>\n\n\n\n<p>Con la Modalidad Asistida hay 62\ncupos, que incluyen tambi\u00e9n a Movilidad de Grado con vencimiento el pr\u00f3ximo 18\nde abril; Maestr\u00edas y Doctorados en Canad\u00e1, cuyo plazo de postulaci\u00f3n vence el 30\nde abril; e Idiomas en el pa\u00eds para estudiantes universitarios, cuya\npostulaci\u00f3n puede hacer hasta el 8 de mayo. Las GBC de las mismas se encuentran en <a href=\"https:\/\/bit.ly\/3MebcVX\">https:\/\/bit.ly\/3MebcVX<\/a>; <a href=\"https:\/\/bit.ly\/3hsX3pN\">https:\/\/bit.ly\/3hsX3pN<\/a> y <a href=\"https:\/\/bit.ly\/3HrIGNa\">https:\/\/bit.ly\/3HrIGNa<\/a>, respectivamente. <\/p>\n\n\n\n<p>Principal hincapi\u00e9 sobre los\nprocesos de postulaci\u00f3n a esta variedad de becas se realiza durante las charlas\ninformativas, as\u00ed como tambi\u00e9n sobre los requisitos y el peso del ranking de\nlas universidades. La idea de estos conversatorios es llegar a los\nprofesionales y estudiantes de todo el pa\u00eds con la informaci\u00f3n, no solo para\nesta convocatoria, sino tambi\u00e9n para que los interesados puedan prepararse para\nlas pr\u00f3ximas oportunidades.&nbsp; <\/p>\n\n\n\n<p>Las charlas arrancaron en la\nUniversidad Nacional de Concepci\u00f3n, despu\u00e9s en la Universidad Nacional de Pilar\n(UNP) y ayer en la UNA, por mencionar algunas. Este jueves proseguir\u00e1 en el\nInstituto Nacional de Educaci\u00f3n Superior (INAES) de Asunci\u00f3n y el viernes 8\nser\u00e1 en la Universidad Nacional de Itapu\u00e1 en Encarnaci\u00f3n y, posteriormente, se desarrollar\u00e1\nen otras universidades nacionales. El ciclo de charlas concluir\u00e1 en la \u00faltima\nsemana de este mes en el interior del pa\u00eds. <\/p>\n\n\n\n<p>El objetivo del Programa BECAL es\nla formaci\u00f3n de capital humano avanzado a trav\u00e9s de los posgrados en el exterior,\npor lo que las becas ofrecidas son de excelencia acad\u00e9mica. Los rankings de las\nuniversidades para el proceso de la postulaci\u00f3n a las becas tienen mucha\nincidencia a la hora de la selecci\u00f3n de los becarios. <\/p>\n\n\n\n<figure class=\"wp-block-image size-large\"><img decoding=\"async\" src=\"https:\/\/migracion.becal.gov.py\/wp-content\/uploads\/2022\/04\/UNA.jpg\" alt=\"\" class=\"wp-image-9451\" \/><\/figure>\n<p>[learn_press_profile]<\/p>\n","protected":false},"excerpt":{"rendered":"<p>06\/04\/2022 Con el objetivo de fortalecer la formaci\u00f3n de capital humano avanzado a lo largo del territorio nacional, el Programa Nacional de Becas de Posgrados en el Exterior \u201cDon Carlos Antonio L\u00f3pez\u201d (BECAL), dependiente del Ministerio de Hacienda, prosigue con el ciclo de charlas informativas [&hellip;]<\/p>\n","protected":false},"author":1,"featured_media":10776,"comment_status":"closed","ping_status":"closed","sticky":false,"template":"","format":"standard","meta":{"footnotes":""},"categories":[79],"tags":[],"class_list":["post-10775","post","type-post","status-publish","format-standard","has-post-thumbnail","hentry","category-sin-categoria"],"_links":{"self":[{"href":"https:\/\/migracion.becal.gov.py\/v2\/wp-json\/wp\/v2\/posts\/10775","targetHints":{"allow":["GET"]}}],"collection":[{"href":"https:\/\/migracion.becal.gov.py\/v2\/wp-json\/wp\/v2\/posts"}],"about":[{"href":"https:\/\/migracion.becal.gov.py\/v2\/wp-json\/wp\/v2\/types\/post"}],"author":[{"embeddable":true,"href":"https:\/\/migracion.becal.gov.py\/v2\/wp-json\/wp\/v2\/users\/1"}],"replies":[{"embeddable":true,"href":"https:\/\/migracion.becal.gov.py\/v2\/wp-json\/wp\/v2\/comments?post=10775"}],"version-history":[{"count":1,"href":"https:\/\/migracion.becal.gov.py\/v2\/wp-json\/wp\/v2\/posts\/10775\/revisions"}],"predecessor-version":[{"id":16776,"href":"https:\/\/migracion.becal.gov.py\/v2\/wp-json\/wp\/v2\/posts\/10775\/revisions\/16776"}],"wp:featuredmedia":[{"embeddable":true,"href":"https:\/\/migracion.becal.gov.py\/v2\/wp-json\/wp\/v2\/media\/10776"}],"wp:attachment":[{"href":"https:\/\/migracion.becal.gov.py\/v2\/wp-json\/wp\/v2\/media?parent=10775"}],"wp:term":[{"taxonomy":"category","embeddable":true,"href":"https:\/\/migracion.becal.gov.py\/v2\/wp-json\/wp\/v2\/categories?post=10775"},{"taxonomy":"post_tag","embeddable":true,"href":"https:\/\/migracion.becal.gov.py\/v2\/wp-json\/wp\/v2\/tags?post=10775"}],"curies":[{"name":"wp","href":"https:\/\/api.w.org\/{rel}","templated":true}]}}