{"id":10797,"date":"2022-04-28T13:25:00","date_gmt":"2022-04-28T13:25:00","guid":{"rendered":"https:\/\/becal.gov.py\/v2\/?p=9560"},"modified":"2023-03-07T05:02:33","modified_gmt":"2023-03-07T05:02:33","slug":"becal-brinda-hoy-en-cde-charla-informativa-para-dar-detalles-de-la-convocatoria-de-becas-vigentes","status":"publish","type":"post","link":"https:\/\/migracion.becal.gov.py\/v2\/2022\/04\/28\/becal-brinda-hoy-en-cde-charla-informativa-para-dar-detalles-de-la-convocatoria-de-becas-vigentes\/","title":{"rendered":"BECAL brinda hoy en CDE charla informativa para dar detalles de la convocatoria de becas vigentes"},"content":{"rendered":"\n<p>28\/04\/2022 El Programa Nacional de Becas de Posgrados en el Exterior \u201cDon Carlos Antonio L\u00f3pez\u201d (BECAL), dependiente del Ministerio de Hacienda, llega al Este del pa\u00eds, donde cierra el ciclo de charlas informativas a nivel nacional. A las 18:30 horas en la sede de la Universidad Nacional del Este (UNE) tendr\u00e1 un encuentro con estudiantes y profesionales para brindar detalles y evacuar consultas sobre las m\u00e1s de 200 becas disponibles a mayo.<\/p>\n\n\n\n<p>Dentro\nde la Modalidad de Autogestionada, el Programa cuenta con 120 becas de\nMaestr\u00edas, Doctorados y Posdoctorados, as\u00ed como de Movilidad de Grado, cuyo\nplazo para postularse vence el domingo 8 de mayo. <\/p>\n\n\n\n<p>Igualmente,\ndentro de la Modalidad Asistida cuenta con 92 becas vigentes. Para Maestr\u00edas,\nDoctorados y Posdoctorados en EEUU con el Programa Fullbright con vencimiento\nde la fecha de postulaci\u00f3n el 31 de mayo hay 20 plazas; y con la Fundaci\u00f3n\nCarolina de Espa\u00f1a, para Posdoctorados 10 plazas a las cuales pueden postularse\nhasta el 26 de mayo.<\/p>\n\n\n\n<p>Tambi\u00e9n, hasta este s\u00e1bado 30 de abril, los interesados en estudiar una Maestr\u00eda o un Doctorado en Canad\u00e1 pueden postularse a una de las 12 becas con Modalidad Asistida; y existen otras 50 becas de Idiomas Extranjeros para estudiantes universitarios a las cuales pueden postularse hasta el domingo 8 de mayo. Las Gu\u00edas de Bases y Condiciones se encuentran en la web: www.becal.gov.py. Secci\u00f3n BECAS. <\/p>\n\n\n\n<figure class=\"wp-block-image size-large\"><img decoding=\"async\" src=\"https:\/\/migracion.becal.gov.py\/wp-content\/uploads\/2022\/04\/2022-04-28-CDE.jpeg\" alt=\"\" class=\"wp-image-9561\" \/><\/figure>\n<p>[learn_press_profile]<\/p>\n","protected":false},"excerpt":{"rendered":"<p>28\/04\/2022 El Programa Nacional de Becas de Posgrados en el Exterior \u201cDon Carlos Antonio L\u00f3pez\u201d (BECAL), dependiente del Ministerio de Hacienda, llega al Este del pa\u00eds, donde cierra el ciclo de charlas informativas a nivel nacional. A las 18:30 horas en la sede de la [&hellip;]<\/p>\n","protected":false},"author":1,"featured_media":10798,"comment_status":"closed","ping_status":"closed","sticky":false,"template":"","format":"standard","meta":{"footnotes":""},"categories":[79],"tags":[],"class_list":["post-10797","post","type-post","status-publish","format-standard","has-post-thumbnail","hentry","category-sin-categoria"],"_links":{"self":[{"href":"https:\/\/migracion.becal.gov.py\/v2\/wp-json\/wp\/v2\/posts\/10797","targetHints":{"allow":["GET"]}}],"collection":[{"href":"https:\/\/migracion.becal.gov.py\/v2\/wp-json\/wp\/v2\/posts"}],"about":[{"href":"https:\/\/migracion.becal.gov.py\/v2\/wp-json\/wp\/v2\/types\/post"}],"author":[{"embeddable":true,"href":"https:\/\/migracion.becal.gov.py\/v2\/wp-json\/wp\/v2\/users\/1"}],"replies":[{"embeddable":true,"href":"https:\/\/migracion.becal.gov.py\/v2\/wp-json\/wp\/v2\/comments?post=10797"}],"version-history":[{"count":1,"href":"https:\/\/migracion.becal.gov.py\/v2\/wp-json\/wp\/v2\/posts\/10797\/revisions"}],"predecessor-version":[{"id":16820,"href":"https:\/\/migracion.becal.gov.py\/v2\/wp-json\/wp\/v2\/posts\/10797\/revisions\/16820"}],"wp:featuredmedia":[{"embeddable":true,"href":"https:\/\/migracion.becal.gov.py\/v2\/wp-json\/wp\/v2\/media\/10798"}],"wp:attachment":[{"href":"https:\/\/migracion.becal.gov.py\/v2\/wp-json\/wp\/v2\/media?parent=10797"}],"wp:term":[{"taxonomy":"category","embeddable":true,"href":"https:\/\/migracion.becal.gov.py\/v2\/wp-json\/wp\/v2\/categories?post=10797"},{"taxonomy":"post_tag","embeddable":true,"href":"https:\/\/migracion.becal.gov.py\/v2\/wp-json\/wp\/v2\/tags?post=10797"}],"curies":[{"name":"wp","href":"https:\/\/api.w.org\/{rel}","templated":true}]}}