{"id":10883,"date":"2022-02-07T11:46:12","date_gmt":"2022-02-07T11:46:12","guid":{"rendered":"https:\/\/becal.gov.py\/v2\/?p=9123"},"modified":"2023-03-03T03:55:31","modified_gmt":"2023-03-03T03:55:31","slug":"evaluacion-del-programa-becal-revela-rapida-reinsercion-laboral-de-ex-becarios","status":"publish","type":"post","link":"https:\/\/migracion.becal.gov.py\/v2\/2022\/02\/07\/evaluacion-del-programa-becal-revela-rapida-reinsercion-laboral-de-ex-becarios\/","title":{"rendered":"Evaluaci\u00f3n del Programa Becal revela r\u00e1pida reinserci\u00f3n laboral de ex becarios"},"content":{"rendered":"\n<p>07\/02\/2022 Los tiempos de reinserci\u00f3n laboral de los ex becarios \u201cson relativamente cortos para los becarios que contaban con empleo antes del Programa\u201d, de acuerdo a una evaluaci\u00f3n realizada del Programa Nacional de Becas al Exterior \u201cDon Carlos Antonio L\u00f3pez\u201d, por la Consultora en Ciencia, Tecnolog\u00eda e Innovaci\u00f3n en el 2021. <\/p>\n\n\n\n<p>Los resultados obtenidos indican\nque el 76% de los becarios que contaba con empleo antes de ser becados se\nreinsertan a alg\u00fan trabajo en menos de un mes al retornar al pa\u00eds; el 17%\nse\u00f1ala haber obtenido trabajo entre 2 a 6 meses de su llegada; mientras el 5%\nentre 7 a 11 meses y el 2%, 12 meses o m\u00e1s.<\/p>\n\n\n\n<p>Los becarios que no contaban con\nempleo antes del Programa Becal, la evaluaci\u00f3n final muestra que el 31% de los\nretornados al pa\u00eds empiezan a trabajar en menos de un mes de haber comenzado a\nbuscar empleo; el 39% en 2 a 6 meses; el 20% entre 7 a 11 meses; y el 10% entre\n12 meses o m\u00e1s.<\/p>\n\n\n\n<p>En s\u00edntesis, el estudio muestra\nque la inserci\u00f3n de quienes ten\u00edan una experiencia previa a la formaci\u00f3n en el\nexterior se produce casi en su totalidad dentro de los primeros 6 meses (93%),\ncon muy altos n\u00fameros absolutos, mientras que baja a los 2\/3 para quienes\ncarec\u00edan de dicha experiencia.<\/p>\n\n\n\n<p>El Programa Becal cuenta con un total de 1.191 becarios que retornaron al pa\u00eds tras concluir sus estudios de posgrados en una de las 300 mejores universidades del mundo, de acuerdo con los registros del Programa Nacional de Becas de Postgrado en el exterior \u201cDon Carlos Antonio L\u00f3pez\u201d, BECAL, hasta el cierre del 2021. Desde el 2015 hasta el cierre del a\u00f1o anterior otorg\u00f3 becas a 2.507 j\u00f3venes provenientes de distintas localidades del pa\u00eds, de cuya totalidad, 2.143 usufructuaron las becas a trav\u00e9s de la firma de contratos. <\/p>\n\n\n\n<figure class=\"wp-block-image size-large\"><img decoding=\"async\" src=\"https:\/\/migracion.becal.gov.py\/wp-content\/uploads\/2022\/02\/DSC9391_00048.jpg\" alt=\"\" class=\"wp-image-9124\" \/><\/figure>\n<p>[learn_press_profile]<\/p>\n","protected":false},"excerpt":{"rendered":"<p>07\/02\/2022 Los tiempos de reinserci\u00f3n laboral de los ex becarios \u201cson relativamente cortos para los becarios que contaban con empleo antes del Programa\u201d, de acuerdo a una evaluaci\u00f3n realizada del Programa Nacional de Becas al Exterior \u201cDon Carlos Antonio L\u00f3pez\u201d, por la Consultora en Ciencia, [&hellip;]<\/p>\n","protected":false},"author":1,"featured_media":10884,"comment_status":"closed","ping_status":"closed","sticky":false,"template":"","format":"standard","meta":{"footnotes":""},"categories":[79],"tags":[],"class_list":["post-10883","post","type-post","status-publish","format-standard","has-post-thumbnail","hentry","category-sin-categoria"],"_links":{"self":[{"href":"https:\/\/migracion.becal.gov.py\/v2\/wp-json\/wp\/v2\/posts\/10883","targetHints":{"allow":["GET"]}}],"collection":[{"href":"https:\/\/migracion.becal.gov.py\/v2\/wp-json\/wp\/v2\/posts"}],"about":[{"href":"https:\/\/migracion.becal.gov.py\/v2\/wp-json\/wp\/v2\/types\/post"}],"author":[{"embeddable":true,"href":"https:\/\/migracion.becal.gov.py\/v2\/wp-json\/wp\/v2\/users\/1"}],"replies":[{"embeddable":true,"href":"https:\/\/migracion.becal.gov.py\/v2\/wp-json\/wp\/v2\/comments?post=10883"}],"version-history":[{"count":1,"href":"https:\/\/migracion.becal.gov.py\/v2\/wp-json\/wp\/v2\/posts\/10883\/revisions"}],"predecessor-version":[{"id":16585,"href":"https:\/\/migracion.becal.gov.py\/v2\/wp-json\/wp\/v2\/posts\/10883\/revisions\/16585"}],"wp:featuredmedia":[{"embeddable":true,"href":"https:\/\/migracion.becal.gov.py\/v2\/wp-json\/wp\/v2\/media\/10884"}],"wp:attachment":[{"href":"https:\/\/migracion.becal.gov.py\/v2\/wp-json\/wp\/v2\/media?parent=10883"}],"wp:term":[{"taxonomy":"category","embeddable":true,"href":"https:\/\/migracion.becal.gov.py\/v2\/wp-json\/wp\/v2\/categories?post=10883"},{"taxonomy":"post_tag","embeddable":true,"href":"https:\/\/migracion.becal.gov.py\/v2\/wp-json\/wp\/v2\/tags?post=10883"}],"curies":[{"name":"wp","href":"https:\/\/api.w.org\/{rel}","templated":true}]}}