{"id":10886,"date":"2022-02-04T16:57:40","date_gmt":"2022-02-04T16:57:40","guid":{"rendered":"https:\/\/becal.gov.py\/v2\/?p=9115"},"modified":"2023-03-03T03:54:10","modified_gmt":"2023-03-03T03:54:10","slug":"becaria-recien-retornada-desarrollara-dispensario-comunitario-en-su-departamento-san-pedro","status":"publish","type":"post","link":"https:\/\/migracion.becal.gov.py\/v2\/2022\/02\/04\/becaria-recien-retornada-desarrollara-dispensario-comunitario-en-su-departamento-san-pedro\/","title":{"rendered":"Becaria reci\u00e9n retornada desarrollar\u00e1 dispensario comunitario en su Departamento, San Pedro"},"content":{"rendered":"\n<p>04\/02\/2022 Lorena R\u00edos, de 33 a\u00f1os, de Villa del Rosario, departamento de San Pedro, retorn\u00f3 apenas hace unos d\u00edas de Australia, donde estuvo casi dos a\u00f1os haciendo una Maestr\u00eda en Estudios del Desarrollo en la Universidad de Melbourne, a trav\u00e9s del Programa Nacional de Becas de Postgrado en el exterior \u201cDon Carlos Antonio L\u00f3pez\u201d (BECAL). Desde su ciudad de origen vino a finiquitar sus tr\u00e1mites de regreso a Paraguay, emocionada y orgullosa, acompa\u00f1ada de su abuela Stella Molas, de 80 a\u00f1os.<\/p>\n\n\n\n<p>En la oportunidad coment\u00f3 que ir\u00e1\na su Departamento a trabajar en un proyecto para la comunidad ind\u00edgena de una\nlocalidad, con lo cual est\u00e1 muy entusiasmada, ya que su estudio de masterado le\nbrind\u00f3 conocimientos sobre el desarrollo comunitario y podr\u00e1 aplicarlo en\nnuestro pa\u00eds.<\/p>\n\n\n\n<p>La reciente ex becaria gan\u00f3, en diciembre del 2021, un proyecto que consiste en desarrollar un dispensario comunitario en una comunidad ind\u00edgena de San Pedro. El proyecto para implementar esta farmacia comunitaria para la gente de la comunidad, desde marzo de este a\u00f1o, ser\u00e1 financiado con fondos de Australia, y desarrollar\u00e1 en conjunto con la Fundaci\u00f3n CIRD y el Ministerio de Salud P\u00fablica y Bienestar Social. <\/p>\n\n\n\n<p>La misma concluy\u00f3 sus estudios de\ngrado, mediante la beca que otorga la Itaipu Binacional. Curs\u00f3 la carrera de Ingenier\u00eda\nComercial y Administraci\u00f3n de Empresas en la Universidad Americana de Asunci\u00f3n,\nde la que egres\u00f3 con excelentes calificaciones. Antes de ir al exterior a\nrealizar su maestr\u00eda trabaj\u00f3 en proyectos sociales con el Banco Interamericano\nde Desarrollo (BID).<\/p>\n\n\n\n<p>Lorena refiri\u00f3 que su ideal es generar\ncomunidades mucho m\u00e1s inclusivas, por lo que para ella es muy importante volver\na pa\u00eds y aplicar lo aprendido en el extranjero. \u201cEn mi caso particular, muy\napasionada por las comunidades rurales y el desarrollo rural integral, las\ncomunidades m\u00e1s vulnerables, como comunidades ind\u00edgenas. Hay una fuerte\nresponsabilidad en eso. Con mi estudio de maestr\u00eda adquir\u00ed nuevas herramientas\npara poder usar en el Paraguay y poder crear esas comunidades para que\nrealmente sean un poco m\u00e1s visibilizadas y, por lo menos, darles mayores\nherramientas para poder autogestionarse y mejorar su calidad de vida\u201d, expres\u00f3.<\/p>\n\n\n\n<figure class=\"wp-block-image size-large\"><img decoding=\"async\" src=\"https:\/\/migracion.becal.gov.py\/wp-content\/uploads\/2022\/02\/2022-02-04-Lorena-R\u00edos-Retornada-Australia-1024x765.jpeg\" alt=\"\" class=\"wp-image-9116\" \/><\/figure>\n<p>[learn_press_profile]<\/p>\n","protected":false},"excerpt":{"rendered":"<p>04\/02\/2022 Lorena R\u00edos, de 33 a\u00f1os, de Villa del Rosario, departamento de San Pedro, retorn\u00f3 apenas hace unos d\u00edas de Australia, donde estuvo casi dos a\u00f1os haciendo una Maestr\u00eda en Estudios del Desarrollo en la Universidad de Melbourne, a trav\u00e9s del Programa Nacional de Becas [&hellip;]<\/p>\n","protected":false},"author":1,"featured_media":10887,"comment_status":"closed","ping_status":"closed","sticky":false,"template":"","format":"standard","meta":{"footnotes":""},"categories":[79],"tags":[],"class_list":["post-10886","post","type-post","status-publish","format-standard","has-post-thumbnail","hentry","category-sin-categoria"],"_links":{"self":[{"href":"https:\/\/migracion.becal.gov.py\/v2\/wp-json\/wp\/v2\/posts\/10886","targetHints":{"allow":["GET"]}}],"collection":[{"href":"https:\/\/migracion.becal.gov.py\/v2\/wp-json\/wp\/v2\/posts"}],"about":[{"href":"https:\/\/migracion.becal.gov.py\/v2\/wp-json\/wp\/v2\/types\/post"}],"author":[{"embeddable":true,"href":"https:\/\/migracion.becal.gov.py\/v2\/wp-json\/wp\/v2\/users\/1"}],"replies":[{"embeddable":true,"href":"https:\/\/migracion.becal.gov.py\/v2\/wp-json\/wp\/v2\/comments?post=10886"}],"version-history":[{"count":1,"href":"https:\/\/migracion.becal.gov.py\/v2\/wp-json\/wp\/v2\/posts\/10886\/revisions"}],"predecessor-version":[{"id":16584,"href":"https:\/\/migracion.becal.gov.py\/v2\/wp-json\/wp\/v2\/posts\/10886\/revisions\/16584"}],"wp:featuredmedia":[{"embeddable":true,"href":"https:\/\/migracion.becal.gov.py\/v2\/wp-json\/wp\/v2\/media\/10887"}],"wp:attachment":[{"href":"https:\/\/migracion.becal.gov.py\/v2\/wp-json\/wp\/v2\/media?parent=10886"}],"wp:term":[{"taxonomy":"category","embeddable":true,"href":"https:\/\/migracion.becal.gov.py\/v2\/wp-json\/wp\/v2\/categories?post=10886"},{"taxonomy":"post_tag","embeddable":true,"href":"https:\/\/migracion.becal.gov.py\/v2\/wp-json\/wp\/v2\/tags?post=10886"}],"curies":[{"name":"wp","href":"https:\/\/api.w.org\/{rel}","templated":true}]}}