{"id":10959,"date":"2022-01-28T11:27:30","date_gmt":"2022-01-28T11:27:30","guid":{"rendered":"https:\/\/becal.gov.py\/v2\/?p=9071"},"modified":"2023-03-03T03:48:36","modified_gmt":"2023-03-03T03:48:36","slug":"comite-de-becal-delinea-previsiones-2022-del-programa","status":"publish","type":"post","link":"https:\/\/migracion.becal.gov.py\/v2\/2022\/01\/28\/comite-de-becal-delinea-previsiones-2022-del-programa\/","title":{"rendered":"Comit\u00e9 de BECAL delinea previsiones 2022 del Programa"},"content":{"rendered":"\n<p>28\/01\/2022 El Comit\u00e9 de Coordinaci\u00f3n Estrat\u00e9gica (CCE) del Programa Nacional de Becas de Postgrado en el exterior \u201cDon Carlos Antonio L\u00f3pez\u201d (BECAL), integrado por el sector privado y p\u00fablico, presidido por el ministro de Hacienda, Oscar Llamosas, se reuni\u00f3 ayer para delinear las pr\u00f3ximas convocatorias del Programa.<\/p>\n\n\n\n<p>La Coordinadora de BECAL, Andrea\nPicaso, inform\u00f3 sobre los cupos disponibles para este a\u00f1o en las diversas\nconvocatorias previstas para Maestr\u00edas, Doctorados y Postdoctorados, as\u00ed como Movilidad\nde Grado e Idiomas. Las convocatorias se habilitar\u00e1n desde febrero para varias\nmodalidades de becas y en distintos pa\u00edses.<\/p>\n\n\n\n<p>En la oportunidad, la ministra de\nla Secretar\u00eda T\u00e9cnica de Planificaci\u00f3n (STP), Viviana Casco, present\u00f3 tambi\u00e9n\nuna propuesta de criterios respecto al Programa con el fin de avanzar con el\nParaguay del 2030 con j\u00f3venes visionarios y entrenados. <\/p>\n\n\n\n<p>Representantes del sector privado\nse interiorizaron sobre los detalles de las previsiones para este a\u00f1o, tambi\u00e9n\nsobre las pr\u00f3ximas convocatorias, los cupos de becas, as\u00ed como del\nfinanciamiento de las mismas.<\/p>\n\n\n\n<p>Asimismo, expresaron algunas\nsugerencias para el fortalecimiento de las formaciones en el exterior y\nexpresaron que valoran el trabajo y esfuerzo que se realiza desde BECAL para\npotenciar el Programa y as\u00ed coadyuvar con la sostenibilidad y progreso del\nParaguay. <\/p>\n\n\n\n<figure class=\"wp-block-image size-large\"><img decoding=\"async\" src=\"https:\/\/migracion.becal.gov.py\/wp-content\/uploads\/2022\/01\/2022-01-27-BECAL-CCE.jpeg\" alt=\"\" class=\"wp-image-9080\" \/><\/figure>\n\n\n\n<figure class=\"wp-block-image size-large\"><img decoding=\"async\" src=\"https:\/\/migracion.becal.gov.py\/wp-content\/uploads\/2022\/01\/2022-01-27-Reuni\u00f2n-CCE-1024x682.jpeg\" alt=\"\" class=\"wp-image-9073\" \/><\/figure>\n<p>[learn_press_profile]<\/p>\n","protected":false},"excerpt":{"rendered":"<p>28\/01\/2022 El Comit\u00e9 de Coordinaci\u00f3n Estrat\u00e9gica (CCE) del Programa Nacional de Becas de Postgrado en el exterior \u201cDon Carlos Antonio L\u00f3pez\u201d (BECAL), integrado por el sector privado y p\u00fablico, presidido por el ministro de Hacienda, Oscar Llamosas, se reuni\u00f3 ayer para delinear las pr\u00f3ximas convocatorias [&hellip;]<\/p>\n","protected":false},"author":1,"featured_media":10960,"comment_status":"closed","ping_status":"closed","sticky":false,"template":"","format":"standard","meta":{"footnotes":""},"categories":[79],"tags":[],"class_list":["post-10959","post","type-post","status-publish","format-standard","has-post-thumbnail","hentry","category-sin-categoria"],"_links":{"self":[{"href":"https:\/\/migracion.becal.gov.py\/v2\/wp-json\/wp\/v2\/posts\/10959","targetHints":{"allow":["GET"]}}],"collection":[{"href":"https:\/\/migracion.becal.gov.py\/v2\/wp-json\/wp\/v2\/posts"}],"about":[{"href":"https:\/\/migracion.becal.gov.py\/v2\/wp-json\/wp\/v2\/types\/post"}],"author":[{"embeddable":true,"href":"https:\/\/migracion.becal.gov.py\/v2\/wp-json\/wp\/v2\/users\/1"}],"replies":[{"embeddable":true,"href":"https:\/\/migracion.becal.gov.py\/v2\/wp-json\/wp\/v2\/comments?post=10959"}],"version-history":[{"count":1,"href":"https:\/\/migracion.becal.gov.py\/v2\/wp-json\/wp\/v2\/posts\/10959\/revisions"}],"predecessor-version":[{"id":16580,"href":"https:\/\/migracion.becal.gov.py\/v2\/wp-json\/wp\/v2\/posts\/10959\/revisions\/16580"}],"wp:featuredmedia":[{"embeddable":true,"href":"https:\/\/migracion.becal.gov.py\/v2\/wp-json\/wp\/v2\/media\/10960"}],"wp:attachment":[{"href":"https:\/\/migracion.becal.gov.py\/v2\/wp-json\/wp\/v2\/media?parent=10959"}],"wp:term":[{"taxonomy":"category","embeddable":true,"href":"https:\/\/migracion.becal.gov.py\/v2\/wp-json\/wp\/v2\/categories?post=10959"},{"taxonomy":"post_tag","embeddable":true,"href":"https:\/\/migracion.becal.gov.py\/v2\/wp-json\/wp\/v2\/tags?post=10959"}],"curies":[{"name":"wp","href":"https:\/\/api.w.org\/{rel}","templated":true}]}}