{"id":11051,"date":"2021-12-23T20:54:09","date_gmt":"2021-12-23T20:54:09","guid":{"rendered":"https:\/\/becal.gov.py\/v2\/?p=8894"},"modified":"2023-03-01T18:10:37","modified_gmt":"2023-03-01T18:10:37","slug":"pgr-y-becal-apuntan-a-trabajo-conjunto","status":"publish","type":"post","link":"https:\/\/migracion.becal.gov.py\/v2\/2021\/12\/23\/pgr-y-becal-apuntan-a-trabajo-conjunto\/","title":{"rendered":"PGR y BECAL apuntan a trabajo conjunto"},"content":{"rendered":"<p style=\"text-align: right\">23\/12\/2021<\/p>\n<p><a href=\"https:\/\/migracion.becal.gov.py\/wp-content\/uploads\/2020\/04\/Logo-BECAL.jpg\"><img fetchpriority=\"high\" decoding=\"async\" class=\"aligncenter  wp-image-4748\" src=\"https:\/\/migracion.becal.gov.py\/wp-content\/uploads\/2020\/04\/Logo-BECAL.jpg\" alt=\"\" width=\"502\" height=\"219\" \/><\/a><\/p>\n<p>El Procurador General de la Rep\u00fablica Juan Rafael Caballero mantuvo una reuni\u00f3n de trabajo con Andrea Picaso, Encargada de Despacho del Programa Nacional de Becas en el Exterior para el Fortalecimiento de la Investigaci\u00f3n, la Innovaci\u00f3n y la Educaci\u00f3n del Paraguay \u00abDon Carlos Antonio L\u00f3pez\u00bb, BECAL.<\/p>\n<p><br \/>La reuni\u00f3n interinstitucional fue en el marco de un acercamiento cordial entre ambas instituciones con la proyecci\u00f3n de realizar trabajos conjuntos para mejorar el resguardo jur\u00eddico de los procesos contractuales de los Programas de Becas y para la firma de un convenio que permita potenciar la formaci\u00f3n profesional de los funcionarios de la PGR.<\/p>\n<p><span style=\"color: #ffffff\">.<\/span><\/p>\n<p><a href=\"https:\/\/migracion.becal.gov.py\/wp-content\/uploads\/2021\/12\/WhatsApp-Image-2021-12-23-at-17.13.42.jpeg\"><img decoding=\"async\" class=\"aligncenter  wp-image-8896\" src=\"https:\/\/migracion.becal.gov.py\/wp-content\/uploads\/2021\/12\/WhatsApp-Image-2021-12-23-at-17.13.42.jpeg\" alt=\"\" width=\"495\" height=\"344\" \/><\/a><\/p>\n<p><span style=\"color: #ffffff\">.<\/span><\/p>\n<p><br \/>El trabajo entre ambas instituciones ser\u00e1 de suma importancia, teniendo en cuenta que BECAL forma parte de una pol\u00edtica de Estado orientada al desarrollo del pa\u00eds a trav\u00e9s de la educaci\u00f3n y la investigaci\u00f3n cient\u00edfica, y la Procuradur\u00eda General es una instituci\u00f3n comprometida con el fortalecimiento de sus recursos humanos por medio de la capacitaci\u00f3n, a fin de seguir ofreciendo la mejor calidad en la defensa de los intereses patrimoniales del Estado paraguayo.<\/p>\n<p><span style=\"color: #ffffff\">.<\/span><\/p>\n<p><a href=\"https:\/\/migracion.becal.gov.py\/wp-content\/uploads\/2021\/12\/WhatsApp-Image-2021-12-23-at-17.14.38.jpeg\"><img decoding=\"async\" class=\"aligncenter  wp-image-8895\" src=\"https:\/\/migracion.becal.gov.py\/wp-content\/uploads\/2021\/12\/WhatsApp-Image-2021-12-23-at-17.14.38.jpeg\" alt=\"\" width=\"495\" height=\"330\" \/><\/a><\/p>\n<p><span style=\"color: #ffffff\">.<\/span><\/p>\n\n\n<p><\/p>\n<p>[learn_press_profile]<\/p>\n","protected":false},"excerpt":{"rendered":"<p>23\/12\/2021 El Procurador General de la Rep\u00fablica Juan Rafael Caballero mantuvo una reuni\u00f3n de trabajo con Andrea Picaso, Encargada de Despacho del Programa Nacional de Becas en el Exterior para el Fortalecimiento de la Investigaci\u00f3n, la Innovaci\u00f3n y la Educaci\u00f3n del Paraguay \u00abDon Carlos Antonio [&hellip;]<\/p>\n","protected":false},"author":1,"featured_media":11053,"comment_status":"closed","ping_status":"closed","sticky":false,"template":"","format":"standard","meta":{"footnotes":""},"categories":[90],"tags":[],"class_list":["post-11051","post","type-post","status-publish","format-standard","has-post-thumbnail","hentry","category-informaciones-institucionales"],"_links":{"self":[{"href":"https:\/\/migracion.becal.gov.py\/v2\/wp-json\/wp\/v2\/posts\/11051","targetHints":{"allow":["GET"]}}],"collection":[{"href":"https:\/\/migracion.becal.gov.py\/v2\/wp-json\/wp\/v2\/posts"}],"about":[{"href":"https:\/\/migracion.becal.gov.py\/v2\/wp-json\/wp\/v2\/types\/post"}],"author":[{"embeddable":true,"href":"https:\/\/migracion.becal.gov.py\/v2\/wp-json\/wp\/v2\/users\/1"}],"replies":[{"embeddable":true,"href":"https:\/\/migracion.becal.gov.py\/v2\/wp-json\/wp\/v2\/comments?post=11051"}],"version-history":[{"count":1,"href":"https:\/\/migracion.becal.gov.py\/v2\/wp-json\/wp\/v2\/posts\/11051\/revisions"}],"predecessor-version":[{"id":16137,"href":"https:\/\/migracion.becal.gov.py\/v2\/wp-json\/wp\/v2\/posts\/11051\/revisions\/16137"}],"wp:featuredmedia":[{"embeddable":true,"href":"https:\/\/migracion.becal.gov.py\/v2\/wp-json\/wp\/v2\/media\/11053"}],"wp:attachment":[{"href":"https:\/\/migracion.becal.gov.py\/v2\/wp-json\/wp\/v2\/media?parent=11051"}],"wp:term":[{"taxonomy":"category","embeddable":true,"href":"https:\/\/migracion.becal.gov.py\/v2\/wp-json\/wp\/v2\/categories?post=11051"},{"taxonomy":"post_tag","embeddable":true,"href":"https:\/\/migracion.becal.gov.py\/v2\/wp-json\/wp\/v2\/tags?post=11051"}],"curies":[{"name":"wp","href":"https:\/\/api.w.org\/{rel}","templated":true}]}}