{"id":11060,"date":"2021-12-14T15:15:25","date_gmt":"2021-12-14T15:15:25","guid":{"rendered":"https:\/\/becal.gov.py\/v2\/?p=8872"},"modified":"2023-03-01T19:10:59","modified_gmt":"2023-03-01T19:10:59","slug":"audiencia-publica-de-rendicion-de-cuentas-del-ministerio-de-hacienda","status":"publish","type":"post","link":"https:\/\/migracion.becal.gov.py\/v2\/2021\/12\/14\/audiencia-publica-de-rendicion-de-cuentas-del-ministerio-de-hacienda\/","title":{"rendered":"Audiencia p\u00fablica de Rendici\u00f3n de Cuentas del Ministerio de Hacienda."},"content":{"rendered":"<p style=\"text-align: right\">14\/12\/2021<\/p>\n<img fetchpriority=\"high\" decoding=\"async\" class=\"aligncenter  wp-image-4978\" src=\"https:\/\/migracion.becal.gov.py\/wp-content\/uploads\/2020\/05\/Logo-BECAL.jpg\" alt=\"\" width=\"376\" height=\"164\" \/>\n\nEl Ministerio de Hacienda, a trav\u00e9s de su Unidad Ejecutora del Programa Nacional de Becas &#8220;Don Carlos Antonio L\u00f3pez&#8221;, sigui\u00f3 apostando en este 2021 a la formaci\u00f3n de los j\u00f3venes, brind\u00e1ndoles la oportunidad de realizar estudios de postgrado en el exterior.\n\n<span style=\"color: #ffffff\">.<\/span>\n\n<a href=\"https:\/\/migracion.becal.gov.py\/wp-content\/uploads\/2021\/12\/WhatsApp-Image-2021-12-14-at-10.34.49.jpeg\"><img decoding=\"async\" class=\"aligncenter size-full wp-image-8875\" src=\"https:\/\/migracion.becal.gov.py\/wp-content\/uploads\/2021\/12\/WhatsApp-Image-2021-12-14-at-10.34.49.jpeg\" alt=\"\" width=\"1022\" height=\"565\" \/><\/a>\n\n<span style=\"color: #ffffff\">.<\/span>\n\nDurante el acto de rendici\u00f3n de cuentas, Marcos Elizeche, Viceministro de Administraci\u00f3n Financiera, brind\u00f3 detalles de la inversi\u00f3n desde Becal, como pol\u00edtica de Estado, destacando que en este a\u00f1o 2021 el monto ejecutado fue de Gs. 43.240.830.062 (FF20 y FF30).\n\nBecal otorg\u00f3 este a\u00f1o 165 becas de estudio acad\u00e9mico mediante las diferentes convocatorias abiertas.\n\n<span style=\"color: #ffffff\">.<\/span>\n\n<img decoding=\"async\" class=\"aligncenter size-full wp-image-8873\" src=\"https:\/\/migracion.becal.gov.py\/wp-content\/uploads\/2021\/12\/WhatsApp-Image-2021-12-14-at-11.10.32.jpeg\" alt=\"\" width=\"947\" height=\"540\" \/>\n\n<span style=\"color: #ffffff\">.<\/span>\n\nActualmente existe una cantidad de 107 becarios retornados y 894 becarios activos en diferentes pa\u00edses del mundo.\n\nTodos estos datos fueron detallados durante la rendici\u00f3n de cuentas, realizada en la sede del Ministerio de Hacienda, y que cont\u00f3 con la presencia del Presidente de la Rep\u00fablica Mario Abdo Ben\u00edtez.\n\n<span style=\"color: #ffffff\">.<\/span>\n\n<a href=\"https:\/\/migracion.becal.gov.py\/wp-content\/uploads\/2021\/12\/WhatsApp-Image-2021-12-14-at-11.47.29.jpeg\"><img loading=\"lazy\" decoding=\"async\" class=\"aligncenter size-full wp-image-8876\" src=\"https:\/\/migracion.becal.gov.py\/wp-content\/uploads\/2021\/12\/WhatsApp-Image-2021-12-14-at-11.47.29.jpeg\" alt=\"\" width=\"952\" height=\"478\" \/><\/a>\n\n<span style=\"color: #ffffff\">.<\/span><p>[learn_press_profile]<\/p>\n","protected":false},"excerpt":{"rendered":"<p>14\/12\/2021 El Ministerio de Hacienda, a trav\u00e9s de su Unidad Ejecutora del Programa Nacional de Becas &#8220;Don Carlos Antonio L\u00f3pez&#8221;, sigui\u00f3 apostando en este 2021 a la formaci\u00f3n de los j\u00f3venes, brind\u00e1ndoles la oportunidad de realizar estudios de postgrado en el exterior. . . Durante [&hellip;]<\/p>\n","protected":false},"author":1,"featured_media":11061,"comment_status":"closed","ping_status":"closed","sticky":false,"template":"","format":"standard","meta":{"footnotes":""},"categories":[90],"tags":[],"class_list":["post-11060","post","type-post","status-publish","format-standard","has-post-thumbnail","hentry","category-informaciones-institucionales"],"_links":{"self":[{"href":"https:\/\/migracion.becal.gov.py\/v2\/wp-json\/wp\/v2\/posts\/11060","targetHints":{"allow":["GET"]}}],"collection":[{"href":"https:\/\/migracion.becal.gov.py\/v2\/wp-json\/wp\/v2\/posts"}],"about":[{"href":"https:\/\/migracion.becal.gov.py\/v2\/wp-json\/wp\/v2\/types\/post"}],"author":[{"embeddable":true,"href":"https:\/\/migracion.becal.gov.py\/v2\/wp-json\/wp\/v2\/users\/1"}],"replies":[{"embeddable":true,"href":"https:\/\/migracion.becal.gov.py\/v2\/wp-json\/wp\/v2\/comments?post=11060"}],"version-history":[{"count":1,"href":"https:\/\/migracion.becal.gov.py\/v2\/wp-json\/wp\/v2\/posts\/11060\/revisions"}],"predecessor-version":[{"id":16160,"href":"https:\/\/migracion.becal.gov.py\/v2\/wp-json\/wp\/v2\/posts\/11060\/revisions\/16160"}],"wp:featuredmedia":[{"embeddable":true,"href":"https:\/\/migracion.becal.gov.py\/v2\/wp-json\/wp\/v2\/media\/11061"}],"wp:attachment":[{"href":"https:\/\/migracion.becal.gov.py\/v2\/wp-json\/wp\/v2\/media?parent=11060"}],"wp:term":[{"taxonomy":"category","embeddable":true,"href":"https:\/\/migracion.becal.gov.py\/v2\/wp-json\/wp\/v2\/categories?post=11060"},{"taxonomy":"post_tag","embeddable":true,"href":"https:\/\/migracion.becal.gov.py\/v2\/wp-json\/wp\/v2\/tags?post=11060"}],"curies":[{"name":"wp","href":"https:\/\/api.w.org\/{rel}","templated":true}]}}