{"id":11082,"date":"2021-11-23T15:03:43","date_gmt":"2021-11-23T15:03:43","guid":{"rendered":"https:\/\/becal.gov.py\/v2\/?p=8732"},"modified":"2023-03-01T20:20:46","modified_gmt":"2023-03-01T20:20:46","slug":"testimonios-que-inspiran-victor-vazquez","status":"publish","type":"post","link":"https:\/\/migracion.becal.gov.py\/v2\/2021\/11\/23\/testimonios-que-inspiran-victor-vazquez\/","title":{"rendered":"\u00a1Testimonios que inspiran!: V\u00edctor V\u00e1zquez"},"content":{"rendered":"<p style=\"text-align: right\">23\/11\/2021<\/p>\n<img fetchpriority=\"high\" decoding=\"async\" class=\"aligncenter  wp-image-4978\" src=\"https:\/\/migracion.becal.gov.py\/wp-content\/uploads\/2020\/05\/Logo-BECAL.jpg\" alt=\"\" width=\"369\" height=\"161\" \/>\n\nV\u00edctor Daniel V\u00e1zquez Pereira fue beneficiado en la tercera convocatoria de Becal para realizar una Maestr\u00eda en Direcci\u00f3n y Organizaci\u00f3n Industrial en la Universidad Aut\u00f3noma de Barcelona UAB. Durante su tiempo de estudio realiz\u00f3 una investigaci\u00f3n sobre la \u201cMejora del proceso de adquisiciones estrat\u00e9gicas en una empresa del sector p\u00fablico del Paraguay\u201d.\n\nPero sus ganas de seguir form\u00e1ndose no se quedaron ah\u00ed, se volvi\u00f3 a presentar a la d\u00e9cimo segunda convocatoria y fue adjudicado para desarrollar un Doctorado en Ingenier\u00eda Electr\u00f3nica y Telecomunicaciones en la Universidad Aut\u00f3noma de Barcelona, Espa\u00f1a.\n\nV\u00edctor es Ingeniero en Electr\u00f3nica por la Facultad Polit\u00e9cnica de la UNA. Es Especialista en Ciberdefensa y Ciberseguridad Estrat\u00e9gica por el Instituto de Altos Estudios Estrat\u00e9gicos del Consejo de Defensa Nacional y Especialista en Did\u00e1ctica Superior Universitaria por la Universidad Columbia del Paraguay.\n\n<span style=\"color: #ffffff\">.<\/span>\n\n<a href=\"https:\/\/migracion.becal.gov.py\/wp-content\/uploads\/2021\/11\/WhatsApp-Image-2021-11-22-at-15.41.25.jpeg\"><img decoding=\"async\" class=\"aligncenter  wp-image-8733\" src=\"https:\/\/migracion.becal.gov.py\/wp-content\/uploads\/2021\/11\/WhatsApp-Image-2021-11-22-at-15.41.25.jpeg\" alt=\"\" width=\"437\" height=\"489\" \/><\/a>\n\n<span style=\"color: #ffffff\">.<\/span>\n\nCuenta con una experiencia laboral de 15 a\u00f1os en el sector de las Telecomunicaciones en la Compa\u00f1\u00eda Paraguaya de Comunicaciones donde hasta el 2019 se desempe\u00f1\u00f3 como Jefe del departamento administrativo y comercial.\n\nSe inici\u00f3 en la docencia universitaria en el a\u00f1o 2018 en el Departamento de Electricidad y Electr\u00f3nica de la Facultad Polit\u00e9cnica de la UNA como Tutor del trabajo final de grado en varios proyectos de la carrera de Ingenier\u00eda electr\u00f3nica de la Facultad Polit\u00e9cnica de la UNA y Profesor instructor de postgrado de la Facultad de Ingenier\u00eda de la UNA en el curso de Gerenciamiento Estrat\u00e9gico y Pol\u00edticas Empresariales.\n\nEntre sus emprendimientos personales se destaca como cofundador de una empresa de Consultor\u00eda estrat\u00e9gica y planificaci\u00f3n.\n\nActualmente y tras la firma de su contrato con becal, ya inici\u00f3 las actividades del doctorado en forma remota y se prepara para hacerlo en forma presencial en enero del 2022 en la ciudad de Barcelona, Espa\u00f1a.<p>[learn_press_profile]<\/p>\n","protected":false},"excerpt":{"rendered":"<p>23\/11\/2021 V\u00edctor Daniel V\u00e1zquez Pereira fue beneficiado en la tercera convocatoria de Becal para realizar una Maestr\u00eda en Direcci\u00f3n y Organizaci\u00f3n Industrial en la Universidad Aut\u00f3noma de Barcelona UAB. Durante su tiempo de estudio realiz\u00f3 una investigaci\u00f3n sobre la \u201cMejora del proceso de adquisiciones estrat\u00e9gicas [&hellip;]<\/p>\n","protected":false},"author":1,"featured_media":11083,"comment_status":"closed","ping_status":"closed","sticky":false,"template":"","format":"standard","meta":{"footnotes":""},"categories":[89,80],"tags":[],"class_list":["post-11082","post","type-post","status-publish","format-standard","has-post-thumbnail","hentry","category-becarios","category-estudios-y-publicaciones"],"_links":{"self":[{"href":"https:\/\/migracion.becal.gov.py\/v2\/wp-json\/wp\/v2\/posts\/11082","targetHints":{"allow":["GET"]}}],"collection":[{"href":"https:\/\/migracion.becal.gov.py\/v2\/wp-json\/wp\/v2\/posts"}],"about":[{"href":"https:\/\/migracion.becal.gov.py\/v2\/wp-json\/wp\/v2\/types\/post"}],"author":[{"embeddable":true,"href":"https:\/\/migracion.becal.gov.py\/v2\/wp-json\/wp\/v2\/users\/1"}],"replies":[{"embeddable":true,"href":"https:\/\/migracion.becal.gov.py\/v2\/wp-json\/wp\/v2\/comments?post=11082"}],"version-history":[{"count":1,"href":"https:\/\/migracion.becal.gov.py\/v2\/wp-json\/wp\/v2\/posts\/11082\/revisions"}],"predecessor-version":[{"id":16190,"href":"https:\/\/migracion.becal.gov.py\/v2\/wp-json\/wp\/v2\/posts\/11082\/revisions\/16190"}],"wp:featuredmedia":[{"embeddable":true,"href":"https:\/\/migracion.becal.gov.py\/v2\/wp-json\/wp\/v2\/media\/11083"}],"wp:attachment":[{"href":"https:\/\/migracion.becal.gov.py\/v2\/wp-json\/wp\/v2\/media?parent=11082"}],"wp:term":[{"taxonomy":"category","embeddable":true,"href":"https:\/\/migracion.becal.gov.py\/v2\/wp-json\/wp\/v2\/categories?post=11082"},{"taxonomy":"post_tag","embeddable":true,"href":"https:\/\/migracion.becal.gov.py\/v2\/wp-json\/wp\/v2\/tags?post=11082"}],"curies":[{"name":"wp","href":"https:\/\/api.w.org\/{rel}","templated":true}]}}