{"id":11095,"date":"2021-11-03T17:03:23","date_gmt":"2021-11-03T17:03:23","guid":{"rendered":"https:\/\/becal.gov.py\/v2\/?p=8703"},"modified":"2023-03-02T03:01:21","modified_gmt":"2023-03-02T03:01:21","slug":"feei-y-becal-instan-a-resguardar-recursos-para-la-educacion-y-la-investigacion","status":"publish","type":"post","link":"https:\/\/migracion.becal.gov.py\/v2\/2021\/11\/03\/feei-y-becal-instan-a-resguardar-recursos-para-la-educacion-y-la-investigacion\/","title":{"rendered":"FEEI y BECAL instan a resguardar recursos para la Educaci\u00f3n y la Investigaci\u00f3n"},"content":{"rendered":"<p style=\"text-align: right\">03\/11\/2021<\/p>\n<a href=\"https:\/\/migracion.becal.gov.py\/wp-content\/uploads\/2020\/05\/Logo-BECAL.jpg\"><img fetchpriority=\"high\" decoding=\"async\" class=\"aligncenter  wp-image-4978\" src=\"https:\/\/migracion.becal.gov.py\/wp-content\/uploads\/2020\/05\/Logo-BECAL.jpg\" alt=\"\" width=\"348\" height=\"152\" \/><\/a>\n\nLos miembros del Consejo de Administraci\u00f3n del Fondo para la Excelencia de la Educaci\u00f3n y la Investigaci\u00f3n (FEEI) y del Comit\u00e9 de Coordinaci\u00f3n Estrat\u00e9gica del Programa Nacional de Becas de postgrado en el exterior \u201cDon Carlos Antonio L\u00f3pez (BECAL), mantuvieron un encuentro con el Vicepresidente de la Rep\u00fablica, Hugo Vel\u00e1zquez, con el fin de expresar la preocupaci\u00f3n por la reasignaci\u00f3n de recursos que realizaron desde la Comisi\u00f3n Bicameral de Presupuesto, afectando al FEEI y por ende a todos los programas educativos y de investigaci\u00f3n que lleva adelante, entre ellos los Programas de Becas, ProCiencia y Primera Infancia.\n\n<span style=\"color: #ffffff\">.<\/span>\n\n<a href=\"https:\/\/migracion.becal.gov.py\/wp-content\/uploads\/2021\/11\/WhatsApp-Image-2021-11-03-at-10.59.25.jpeg\"><img decoding=\"async\" class=\"aligncenter  wp-image-8705\" src=\"https:\/\/migracion.becal.gov.py\/wp-content\/uploads\/2021\/11\/WhatsApp-Image-2021-11-03-at-10.59.25.jpeg\" alt=\"\" width=\"384\" height=\"288\" \/><\/a>\n\n<span style=\"color: #ffffff\">.<\/span>\n\nParticiparon de la reuni\u00f3n el Ministro de Hacienda, Oscar Llamosas, en su calidad de Presidente del Consejo de Administraci\u00f3n del FEEI y del Comit\u00e9 de Coordinaci\u00f3n Estrat\u00e9gica de BECAL, la Ministra de la Secretar\u00eda T\u00e9cnica de Planificaci\u00f3n, Viviana Casco, la Directora Ejecutiva del FEEI, Carmen Romero y el Coordinador General de BECAL, Federico Mora.\n\nDado que el proceso parlamentario del Presupuesto General de la Naci\u00f3n 2022 contin\u00faa en la C\u00e1mara de Diputados, se solicit\u00f3 al Vicepresidente, en su calidad de nexo con el Poder Legislativo, interceda en rectificar la propuesta planteada.\n\nEn el encuentro se destacaron los siguientes puntos:\n<ul>\n \t<li>La Ley 4758\/2012 que crea el FEEI tiene por objetivo destinar recursos para elevar la calidad de la educaci\u00f3n, en la b\u00fasqueda de la excelencia educativa y la promoci\u00f3n de la investigaci\u00f3n y el desarrollo. Por tanto, los ajustes realizados modifican el objetivo inicial de la Ley, que si bien ir\u00edan al sector educativo, no corresponden a proyectos de excelencia educativa.<\/li>\n \t<li>Se entiende por proyectos, toda propuesta concreta con objetivos y resultados en un tiempo determinado y cuyo financiamiento debe estar garantizado y asegurado, que posibilite el logro de las metas establecidas, por esto, la principal caracter\u00edstica del FEEI es el blindaje de recursos para la excelencia educativa.<\/li>\n \t<li>Es importante destacar que la estructura actual de la Ley del FEEI de asignar porcentajes a \u00e1reas priorizadas hace que las alteraciones pongan en riesgo el financiamiento de proyectos aprobados y cuyo periodo de ejecuci\u00f3n es plurianual.<\/li>\n \t<li>La modificaci\u00f3n de recursos del FEEI resta previsibilidad para la ejecuci\u00f3n de los proyectos actuales y posibles nuevas asignaciones. Resulta sumamente complejo proponer acciones de mediano y largo plazo si no se aseguran los recursos conforme a las proyecciones realizadas bajo la incertidumbre de eventuales disminuciones.<\/li>\n<\/ul>\n<span style=\"color: #ffffff\">.<\/span>\n\n<a href=\"https:\/\/migracion.becal.gov.py\/wp-content\/uploads\/2021\/11\/WhatsApp-Image-2021-11-03-at-11.04.21.jpeg\"><img decoding=\"async\" class=\"aligncenter  wp-image-8704\" src=\"https:\/\/migracion.becal.gov.py\/wp-content\/uploads\/2021\/11\/WhatsApp-Image-2021-11-03-at-11.04.21.jpeg\" alt=\"\" width=\"403\" height=\"302\" \/><\/a><p>[learn_press_profile]<\/p>\n","protected":false},"excerpt":{"rendered":"<p>03\/11\/2021 Los miembros del Consejo de Administraci\u00f3n del Fondo para la Excelencia de la Educaci\u00f3n y la Investigaci\u00f3n (FEEI) y del Comit\u00e9 de Coordinaci\u00f3n Estrat\u00e9gica del Programa Nacional de Becas de postgrado en el exterior \u201cDon Carlos Antonio L\u00f3pez (BECAL), mantuvieron un encuentro con el [&hellip;]<\/p>\n","protected":false},"author":1,"featured_media":11096,"comment_status":"closed","ping_status":"closed","sticky":false,"template":"","format":"standard","meta":{"footnotes":""},"categories":[90],"tags":[],"class_list":["post-11095","post","type-post","status-publish","format-standard","has-post-thumbnail","hentry","category-informaciones-institucionales"],"_links":{"self":[{"href":"https:\/\/migracion.becal.gov.py\/v2\/wp-json\/wp\/v2\/posts\/11095","targetHints":{"allow":["GET"]}}],"collection":[{"href":"https:\/\/migracion.becal.gov.py\/v2\/wp-json\/wp\/v2\/posts"}],"about":[{"href":"https:\/\/migracion.becal.gov.py\/v2\/wp-json\/wp\/v2\/types\/post"}],"author":[{"embeddable":true,"href":"https:\/\/migracion.becal.gov.py\/v2\/wp-json\/wp\/v2\/users\/1"}],"replies":[{"embeddable":true,"href":"https:\/\/migracion.becal.gov.py\/v2\/wp-json\/wp\/v2\/comments?post=11095"}],"version-history":[{"count":1,"href":"https:\/\/migracion.becal.gov.py\/v2\/wp-json\/wp\/v2\/posts\/11095\/revisions"}],"predecessor-version":[{"id":16309,"href":"https:\/\/migracion.becal.gov.py\/v2\/wp-json\/wp\/v2\/posts\/11095\/revisions\/16309"}],"wp:featuredmedia":[{"embeddable":true,"href":"https:\/\/migracion.becal.gov.py\/v2\/wp-json\/wp\/v2\/media\/11096"}],"wp:attachment":[{"href":"https:\/\/migracion.becal.gov.py\/v2\/wp-json\/wp\/v2\/media?parent=11095"}],"wp:term":[{"taxonomy":"category","embeddable":true,"href":"https:\/\/migracion.becal.gov.py\/v2\/wp-json\/wp\/v2\/categories?post=11095"},{"taxonomy":"post_tag","embeddable":true,"href":"https:\/\/migracion.becal.gov.py\/v2\/wp-json\/wp\/v2\/tags?post=11095"}],"curies":[{"name":"wp","href":"https:\/\/api.w.org\/{rel}","templated":true}]}}