{"id":11132,"date":"2021-09-07T18:13:09","date_gmt":"2021-09-07T18:13:09","guid":{"rendered":"https:\/\/becal.gov.py\/v2\/?p=8494"},"modified":"2023-03-02T02:14:22","modified_gmt":"2023-03-02T02:14:22","slug":"testimonio-lorena","status":"publish","type":"post","link":"https:\/\/migracion.becal.gov.py\/v2\/2021\/09\/07\/testimonio-lorena\/","title":{"rendered":"\u00a1Testimonios que inspiran!: Lorena Selent"},"content":{"rendered":"<p style=\"text-align: right\">07\/09\/2021<\/p>\n<img fetchpriority=\"high\" decoding=\"async\" class=\"aligncenter  wp-image-4808\" src=\"https:\/\/migracion.becal.gov.py\/wp-content\/uploads\/2020\/04\/Logo-BECAL-1.jpg\" alt=\"\" width=\"358\" height=\"156\" \/>\n\nEl objetivo general del proyecto es Desarrollar un sistema de gesti\u00f3n empresarial que impulse de forma sostenible a peque\u00f1as fincas familiares lideradas por mujeres rurales de Capit\u00e1n Miranda, Departamento de Itap\u00faa.\n\n<a href=\"https:\/\/migracion.becal.gov.py\/wp-content\/uploads\/2021\/09\/IMG_0734-scaled.jpg\"><img decoding=\"async\" class=\"aligncenter  wp-image-8498\" src=\"https:\/\/migracion.becal.gov.py\/wp-content\/uploads\/2021\/09\/IMG_0734-scaled.jpg\" alt=\"\" width=\"475\" height=\"316\" \/><\/a>\n\nEn este tiempo de desarrollo del proyecto se ha logrado que las mujeres empoderadas comercialicen sus productos en ferias y en formato canastas con entrega a domicilio.\n<p style=\"text-align: center\"><strong>Lorena Mar\u00eda Selent Chaparro<\/strong><\/p>\n<a href=\"https:\/\/migracion.becal.gov.py\/wp-content\/uploads\/2021\/09\/IMG_20201210_104132_85113511540136-scaled.jpg\"><img decoding=\"async\" class=\"wp-image-8497 aligncenter\" src=\"https:\/\/migracion.becal.gov.py\/wp-content\/uploads\/2021\/09\/IMG_20201210_104132_85113511540136-scaled.jpg\" alt=\"\" width=\"423\" height=\"317\" \/><\/a>\n\nEs M\u00e1ster Oficial en Ciencias Agroambientales y Agroalimentarias de la Universidad Aut\u00f3noma de Madrid, Espa\u00f1a &#8211; 3\u00b0 Convocatoria Autogestionada BECAL (2016-2017).\n\nActualmente Doctoranda en Ingenier\u00eda Agraria, Alimentaria, Forestal y de Desarrollo Rural Sostenible\u00a0 &#8211; Universidad de C\u00f3rdoba \u2013 Universidad de Sevilla- 10\u00b0 Convocatoria autogestionada.\n\nSu funci\u00f3n principal dentro del proyecto es\nlograr el empoderamiento de 30 mujeres rurales de Capit\u00e1n Miranda por medio de entrenamientos y capacitaciones para el fortalecimiento psicol\u00f3gico y de habilidades para la vida durante un periodo de 16 meses mediante la Capacitaci\u00f3n y asistencia t\u00e9cnica sobre producci\u00f3n de hortalizas y planificaci\u00f3n para la siembra.\n<p style=\"text-align: center\"><strong>Virgilio Noel\u00a0<\/strong><b>Ben\u00edtez<\/b><\/p>\n<a href=\"https:\/\/migracion.becal.gov.py\/wp-content\/uploads\/2021\/09\/8dc34j384-6c1e-4f34-8a66-95a86104d263.jpg\"><img loading=\"lazy\" decoding=\"async\" class=\"aligncenter  wp-image-8504\" src=\"https:\/\/migracion.becal.gov.py\/wp-content\/uploads\/2021\/09\/8dc34j384-6c1e-4f34-8a66-95a86104d263.jpg\" alt=\"\" width=\"462\" height=\"380\" \/><\/a>\n<p style=\"text-align: left\">Primera Beca de Estancias Cortas para la Formaci\u00f3n Postdoctoral &#8211; Universidad de Valladolid. Su l\u00ednea de investigaci\u00f3n es: &#8220;La ayuda internacional y la reducci\u00f3n de pobreza&#8221;<\/p>\nSu funci\u00f3n dentro del proyecto es elaborar una l\u00ednea de base del contexto socioecon\u00f3mico, necesidades, intereses y problemas de 30 mujeres rurales del Distrito de Capit\u00e1n Miranda durante los primeros 9 meses del proyecto.\n\nEl proyecto sigue su curso y es financiado por <strong>Conacyt<\/strong>.<p>[learn_press_profile]<\/p>\n","protected":false},"excerpt":{"rendered":"<p>07\/09\/2021 El objetivo general del proyecto es Desarrollar un sistema de gesti\u00f3n empresarial que impulse de forma sostenible a peque\u00f1as fincas familiares lideradas por mujeres rurales de Capit\u00e1n Miranda, Departamento de Itap\u00faa. En este tiempo de desarrollo del proyecto se ha logrado que las mujeres [&hellip;]<\/p>\n","protected":false},"author":1,"featured_media":11139,"comment_status":"closed","ping_status":"closed","sticky":false,"template":"","format":"standard","meta":{"footnotes":""},"categories":[89,80],"tags":[],"class_list":["post-11132","post","type-post","status-publish","format-standard","has-post-thumbnail","hentry","category-becarios","category-estudios-y-publicaciones"],"_links":{"self":[{"href":"https:\/\/migracion.becal.gov.py\/v2\/wp-json\/wp\/v2\/posts\/11132","targetHints":{"allow":["GET"]}}],"collection":[{"href":"https:\/\/migracion.becal.gov.py\/v2\/wp-json\/wp\/v2\/posts"}],"about":[{"href":"https:\/\/migracion.becal.gov.py\/v2\/wp-json\/wp\/v2\/types\/post"}],"author":[{"embeddable":true,"href":"https:\/\/migracion.becal.gov.py\/v2\/wp-json\/wp\/v2\/users\/1"}],"replies":[{"embeddable":true,"href":"https:\/\/migracion.becal.gov.py\/v2\/wp-json\/wp\/v2\/comments?post=11132"}],"version-history":[{"count":1,"href":"https:\/\/migracion.becal.gov.py\/v2\/wp-json\/wp\/v2\/posts\/11132\/revisions"}],"predecessor-version":[{"id":16263,"href":"https:\/\/migracion.becal.gov.py\/v2\/wp-json\/wp\/v2\/posts\/11132\/revisions\/16263"}],"wp:featuredmedia":[{"embeddable":true,"href":"https:\/\/migracion.becal.gov.py\/v2\/wp-json\/wp\/v2\/media\/11139"}],"wp:attachment":[{"href":"https:\/\/migracion.becal.gov.py\/v2\/wp-json\/wp\/v2\/media?parent=11132"}],"wp:term":[{"taxonomy":"category","embeddable":true,"href":"https:\/\/migracion.becal.gov.py\/v2\/wp-json\/wp\/v2\/categories?post=11132"},{"taxonomy":"post_tag","embeddable":true,"href":"https:\/\/migracion.becal.gov.py\/v2\/wp-json\/wp\/v2\/tags?post=11132"}],"curies":[{"name":"wp","href":"https:\/\/api.w.org\/{rel}","templated":true}]}}