{"id":11440,"date":"2021-04-13T13:18:07","date_gmt":"2021-04-13T13:18:07","guid":{"rendered":"https:\/\/becal.gov.py\/v2\/?p=7596"},"modified":"2023-03-01T15:08:41","modified_gmt":"2023-03-01T15:08:41","slug":"francisco-javier-colman-y-hugo-daniel-yahari-ex-becarios-docentes-de-becal-estaran-en-la-jornada-de-investigacion-ods","status":"publish","type":"post","link":"https:\/\/migracion.becal.gov.py\/v2\/2021\/04\/13\/francisco-javier-colman-y-hugo-daniel-yahari-ex-becarios-docentes-de-becal-estaran-en-la-jornada-de-investigacion-ods\/","title":{"rendered":"Francisco Javier Colman y Hugo Daniel Yahari, ex becarios docentes de BECAL, estar\u00e1n en la Jornada de Investigaci\u00f3n ODS."},"content":{"rendered":"<p style=\"text-align: right\">13\/04\/2021<\/p>\n<img fetchpriority=\"high\" decoding=\"async\" class=\" wp-image-4978 aligncenter\" src=\"https:\/\/migracion.becal.gov.py\/wp-content\/uploads\/2020\/05\/Logo-BECAL.jpg\" alt=\"\" width=\"417\" height=\"182\" \/>\n\nCon orgullo felicitamos a Francisco Javier Colman y Hugo Daniel Yahari, integrantes del equipo de Ex becarios docentes Becal, cuyas Investigaciones fueron seleccionadas por la Comisi\u00f3n ODS Paraguay para ser presentadas durante la &#8220;Jornada de Investigaci\u00f3n ODS.&#8221;\n\nLa \ud835\ude45\ud835\ude64\ud835\ude67\ud835\ude63\ud835\ude56\ud835\ude59\ud835\ude56 \ud835\ude59\ud835\ude5a \ud835\ude44\ud835\ude63\ud835\ude6b\ud835\ude5a\ud835\ude68\ud835\ude69\ud835\ude5e\ud835\ude5c\ud835\ude56\ud835\ude58\ud835\ude5e\ud835\ude64\ud835\ude63 \ud835\ude4a\ud835\ude3f\ud835\ude4e se realiza en el marco de la construcci\u00f3n del Segundo Informe Nacional Voluntario (INV) del Paraguay, cuyo objetivo es caminar juntos hacia el Paraguay 2030.\n\nEl evento es organizado por la Comisi\u00f3n ODS Paraguay en cooperaci\u00f3n con el PNUD Paraguay y la Uni\u00f3n Europea en Paraguay \/FIIAPP.\n\nLa investigaci\u00f3n de Francisco Javier Colm\u00e1n trata sobre la Elaboraci\u00f3n de talleres educativos para Museos.\n\nPor su parte, Hugo Daniel Yahari realiz\u00f3 una investigaci\u00f3n sobre la Atenci\u00f3n de la Diversidad dentro del plan para la formaci\u00f3n docente.\n\nSe pueden conocer todas las investigaciones que fueron seleccionadas en la \u201cConvocatoria a J\u00f3venes Investigadores\u201d.\n\nEl evento se llevar\u00e1 a cabo el d\u00eda viernes 16 de abril, a partir de las 09:00, los invitamos a participar.\n\nLa inscripciones pueden realizarse en el siguiente link: <a href=\"https:\/\/bit.ly\/2QcJEaX\">https:\/\/bit.ly\/2QcJEaX<\/a>\n\n<figure id=\"attachment_7597\" aria-describedby=\"caption-attachment-7597\" style=\"width: 236px\" class=\"wp-caption aligncenter\"><a href=\"https:\/\/migracion.becal.gov.py\/wp-content\/uploads\/2021\/04\/WhatsApp-Image-2021-04-12-at-17.12.18-2.jpeg\"><img decoding=\"async\" class=\"wp-image-7597 size-full\" src=\"https:\/\/migracion.becal.gov.py\/wp-content\/uploads\/2021\/04\/WhatsApp-Image-2021-04-12-at-17.12.18-2.jpeg\" alt=\"\" width=\"236\" height=\"280\" \/><\/a><figcaption id=\"caption-attachment-7597\" class=\"wp-caption-text\">Hugo Daniel Yahari<\/figcaption><\/figure>\n\n<figure id=\"attachment_7598\" aria-describedby=\"caption-attachment-7598\" style=\"width: 237px\" class=\"wp-caption aligncenter\"><a href=\"https:\/\/migracion.becal.gov.py\/wp-content\/uploads\/2021\/04\/WhatsApp-Image-2021-04-12-at-17.12.18-1.jpeg\"><img decoding=\"async\" class=\"wp-image-7598 size-full\" src=\"https:\/\/migracion.becal.gov.py\/wp-content\/uploads\/2021\/04\/WhatsApp-Image-2021-04-12-at-17.12.18-1.jpeg\" alt=\"Francisco Javier Colm\u00e1n\" width=\"237\" height=\"281\" \/><\/a><figcaption id=\"caption-attachment-7598\" class=\"wp-caption-text\">Francisco Javier Colm\u00e1n<\/figcaption><\/figure><p>[learn_press_profile]<\/p>\n","protected":false},"excerpt":{"rendered":"<p>13\/04\/2021 Con orgullo felicitamos a Francisco Javier Colman y Hugo Daniel Yahari, integrantes del equipo de Ex becarios docentes Becal, cuyas Investigaciones fueron seleccionadas por la Comisi\u00f3n ODS Paraguay para ser presentadas durante la &#8220;Jornada de Investigaci\u00f3n ODS.&#8221; La \ud835\ude45\ud835\ude64\ud835\ude67\ud835\ude63\ud835\ude56\ud835\ude59\ud835\ude56 \ud835\ude59\ud835\ude5a \ud835\ude44\ud835\ude63\ud835\ude6b\ud835\ude5a\ud835\ude68\ud835\ude69\ud835\ude5e\ud835\ude5c\ud835\ude56\ud835\ude58\ud835\ude5e\ud835\ude64\ud835\ude63 \ud835\ude4a\ud835\ude3f\ud835\ude4e se realiza [&hellip;]<\/p>\n","protected":false},"author":1,"featured_media":11441,"comment_status":"closed","ping_status":"closed","sticky":false,"template":"","format":"standard","meta":{"footnotes":""},"categories":[92],"tags":[],"class_list":["post-11440","post","type-post","status-publish","format-standard","has-post-thumbnail","hentry","category-eventos"],"_links":{"self":[{"href":"https:\/\/migracion.becal.gov.py\/v2\/wp-json\/wp\/v2\/posts\/11440","targetHints":{"allow":["GET"]}}],"collection":[{"href":"https:\/\/migracion.becal.gov.py\/v2\/wp-json\/wp\/v2\/posts"}],"about":[{"href":"https:\/\/migracion.becal.gov.py\/v2\/wp-json\/wp\/v2\/types\/post"}],"author":[{"embeddable":true,"href":"https:\/\/migracion.becal.gov.py\/v2\/wp-json\/wp\/v2\/users\/1"}],"replies":[{"embeddable":true,"href":"https:\/\/migracion.becal.gov.py\/v2\/wp-json\/wp\/v2\/comments?post=11440"}],"version-history":[{"count":1,"href":"https:\/\/migracion.becal.gov.py\/v2\/wp-json\/wp\/v2\/posts\/11440\/revisions"}],"predecessor-version":[{"id":16063,"href":"https:\/\/migracion.becal.gov.py\/v2\/wp-json\/wp\/v2\/posts\/11440\/revisions\/16063"}],"wp:featuredmedia":[{"embeddable":true,"href":"https:\/\/migracion.becal.gov.py\/v2\/wp-json\/wp\/v2\/media\/11441"}],"wp:attachment":[{"href":"https:\/\/migracion.becal.gov.py\/v2\/wp-json\/wp\/v2\/media?parent=11440"}],"wp:term":[{"taxonomy":"category","embeddable":true,"href":"https:\/\/migracion.becal.gov.py\/v2\/wp-json\/wp\/v2\/categories?post=11440"},{"taxonomy":"post_tag","embeddable":true,"href":"https:\/\/migracion.becal.gov.py\/v2\/wp-json\/wp\/v2\/tags?post=11440"}],"curies":[{"name":"wp","href":"https:\/\/api.w.org\/{rel}","templated":true}]}}