{"id":11444,"date":"2021-04-10T12:09:55","date_gmt":"2021-04-10T12:09:55","guid":{"rendered":"https:\/\/becal.gov.py\/v2\/?p=7586"},"modified":"2023-03-01T19:12:19","modified_gmt":"2023-03-01T19:12:19","slug":"tenemos-una-excelente-noticia-para-compartir-contigo","status":"publish","type":"post","link":"https:\/\/migracion.becal.gov.py\/v2\/2021\/04\/10\/tenemos-una-excelente-noticia-para-compartir-contigo\/","title":{"rendered":"\u00a1Tenemos una excelente noticia para compartir contigo!"},"content":{"rendered":"<p style=\"text-align: right\">10\/04\/2021<\/p>\n<p><img fetchpriority=\"high\" decoding=\"async\" class=\"size-full wp-image-7251 aligncenter\" src=\"https:\/\/migracion.becal.gov.py\/wp-content\/uploads\/2021\/02\/itaipubecal-logo.png\" alt=\"\" width=\"524\" height=\"130\" \/><\/p>\n<p><br \/>A\u00fan pod\u00e9s postular por una de las 3100 becas universitarias.<br \/>Se ampl\u00eda el plazo de postulaci\u00f3n hasta el lunes 12 de abril a las 23.59 hs, con el fin de favorecer a m\u00e1s j\u00f3venes del pa\u00eds.<br \/>La pr\u00f3rroga no alterar\u00e1 el cronograma previsto para esta Convocatoria 2021.Los j\u00f3venes bachilleres de todo el pa\u00eds, que tengan promedio de calificaci\u00f3n 4 y son de escasos recursos pueden aplicar a las becas Itaip\u00fa-Becal.<\/p>\n<p>La Convocatoria 2021 est\u00e1 dirigida a egresados de las promociones 2020, 2019 y 2018 (que hayan estado habilitados para rendir en la Convocatoria 2020).<\/p>\n<p>La inscripci\u00f3n se realiza a trav\u00e9s del Sistema de Postulaci\u00f3n SPI del CONACYT mediante un formulario online.<\/p>\n<p>Adem\u00e1s en la web de Becal e Itaip\u00fa se encuentran la Gu\u00eda de bases y condiciones, gu\u00edas y tutoriales de registro y postulaci\u00f3n en el SPI y los ejes tem\u00e1ticos de las pruebas de competencias b\u00e1sicas.<br \/>El objetivo del programa de becas Itaipu-Becal es apoyar la formaci\u00f3n universitaria de j\u00f3venes paraguayos sobresalientes y de escasos recursos e impulsar que mediante el ejercicio profesional contribuyan al desarrollo del pa\u00eds.<\/p>\n<p>\u00a0<\/p>\n<p><img decoding=\"async\" class=\" wp-image-7088 aligncenter\" src=\"https:\/\/migracion.becal.gov.py\/wp-content\/uploads\/2021\/01\/IMG-20210116-WA0123.jpg\" alt=\"\" width=\"502\" height=\"334\" \/><\/p>\n\n\n<p><\/p>\n<p>[learn_press_profile]<\/p>\n","protected":false},"excerpt":{"rendered":"<p>10\/04\/2021 A\u00fan pod\u00e9s postular por una de las 3100 becas universitarias.Se ampl\u00eda el plazo de postulaci\u00f3n hasta el lunes 12 de abril a las 23.59 hs, con el fin de favorecer a m\u00e1s j\u00f3venes del pa\u00eds.La pr\u00f3rroga no alterar\u00e1 el cronograma previsto para esta Convocatoria [&hellip;]<\/p>\n","protected":false},"author":1,"featured_media":11445,"comment_status":"closed","ping_status":"closed","sticky":false,"template":"","format":"standard","meta":{"footnotes":""},"categories":[85],"tags":[],"class_list":["post-11444","post","type-post","status-publish","format-standard","has-post-thumbnail","hentry","category-convocatorias"],"_links":{"self":[{"href":"https:\/\/migracion.becal.gov.py\/v2\/wp-json\/wp\/v2\/posts\/11444","targetHints":{"allow":["GET"]}}],"collection":[{"href":"https:\/\/migracion.becal.gov.py\/v2\/wp-json\/wp\/v2\/posts"}],"about":[{"href":"https:\/\/migracion.becal.gov.py\/v2\/wp-json\/wp\/v2\/types\/post"}],"author":[{"embeddable":true,"href":"https:\/\/migracion.becal.gov.py\/v2\/wp-json\/wp\/v2\/users\/1"}],"replies":[{"embeddable":true,"href":"https:\/\/migracion.becal.gov.py\/v2\/wp-json\/wp\/v2\/comments?post=11444"}],"version-history":[{"count":1,"href":"https:\/\/migracion.becal.gov.py\/v2\/wp-json\/wp\/v2\/posts\/11444\/revisions"}],"predecessor-version":[{"id":16173,"href":"https:\/\/migracion.becal.gov.py\/v2\/wp-json\/wp\/v2\/posts\/11444\/revisions\/16173"}],"wp:featuredmedia":[{"embeddable":true,"href":"https:\/\/migracion.becal.gov.py\/v2\/wp-json\/wp\/v2\/media\/11445"}],"wp:attachment":[{"href":"https:\/\/migracion.becal.gov.py\/v2\/wp-json\/wp\/v2\/media?parent=11444"}],"wp:term":[{"taxonomy":"category","embeddable":true,"href":"https:\/\/migracion.becal.gov.py\/v2\/wp-json\/wp\/v2\/categories?post=11444"},{"taxonomy":"post_tag","embeddable":true,"href":"https:\/\/migracion.becal.gov.py\/v2\/wp-json\/wp\/v2\/tags?post=11444"}],"curies":[{"name":"wp","href":"https:\/\/api.w.org\/{rel}","templated":true}]}}