{"id":11515,"date":"2021-03-15T12:25:51","date_gmt":"2021-03-15T12:25:51","guid":{"rendered":"https:\/\/becal.gov.py\/v2\/?p=7341"},"modified":"2023-03-02T04:37:43","modified_gmt":"2023-03-02T04:37:43","slug":"tareas-de-retorno-pendientes-listado-actualizado-de-la-primera-convocatoria","status":"publish","type":"post","link":"https:\/\/migracion.becal.gov.py\/v2\/2021\/03\/15\/tareas-de-retorno-pendientes-listado-actualizado-de-la-primera-convocatoria\/","title":{"rendered":"TAREAS DE RETORNO PENDIENTES: Listado Actualizado de la Primera Convocatoria"},"content":{"rendered":"<p style=\"text-align: right\">15\/03\/2021<\/p>\n<a href=\"https:\/\/migracion.becal.gov.py\/wp-content\/uploads\/2020\/05\/Logo-BECAL.jpg\"><img decoding=\"async\" class=\" wp-image-4978 aligncenter\" src=\"https:\/\/migracion.becal.gov.py\/wp-content\/uploads\/2020\/05\/Logo-BECAL.jpg\" alt=\"\" width=\"262\" height=\"114\" \/><\/a>\n\nBECAL comunica a los becarios de la Primera Convocatoria, que ya est\u00e1 disponible la lista actualizada de las tareas de retorno hasta la fecha 09\/03\/2021.\n\n<span style=\"color: #ffffff\">\u00a0 \u00a0.<\/span>\n\n<a href=\"https:\/\/migracion.becal.gov.py\/wp-content\/uploads\/2021\/03\/Tareas-Primera-Convocatoria_11_03_2021_Actualizada.xlsx\"><img fetchpriority=\"high\" decoding=\"async\" class=\"size-full wp-image-7342 aligncenter\" src=\"https:\/\/migracion.becal.gov.py\/wp-content\/uploads\/2021\/03\/Retorno_-1ra-Actualizada-15_3_21.png\" alt=\"\" width=\"1835\" height=\"689\" \/><\/a>\n\n<span style=\"color: #ffffff\">.<\/span>\n\nEn cumplimiento a las obligaciones de retorno y permanencia en el pa\u00eds, el Programa Nacional de Becas de Postgrado Don Carlos Antonio L\u00f3pez, recomienda\u00a0<strong>ponerse al d\u00eda<\/strong>\u00a0con las tareas de retorno y reinserci\u00f3n de acuerdo a \u00e9l o los a\u00f1os pendientes que correspondan en el\u00a0<strong>Sistema de Postulaci\u00f3n de Instrumentos (SPI), <\/strong>al cual puede acceder aqu\u00ed: <a href=\"https:\/\/spi.conacyt.gov.py\/user\">https:\/\/spi.conacyt.gov.py\/user<\/a>\n\n<span style=\"color: #ffffff\">.<\/span>\n\nLos siguientes documentos disponibles en la web, Gu\u00eda de retorno y Manual de uso SPI retorno, sirven para consultar el estado de las tareas y documentaciones pendientes.\n\n<span style=\"color: #ffffff\">.<\/span>\n\nEn caso de\u00a0<strong>no cumplir<\/strong>\u00a0con lo\u00a0<strong>dispuesto en el contrato<\/strong>, el legajo del becario ser\u00e1 elevado al<strong>\u00a0\u00c1rea Legal del Programa.<\/strong>\n\n<span style=\"color: #ffffff\"><strong>\u00a0.<\/strong><\/span>\n\n<strong>Consultas al tel\u00e9fono:<\/strong>\u00a0(+595 21) 440007\n\n<strong>Correo electr\u00f3nico:<\/strong>\u00a0becal_retorno@hacienda.gov.py<p>[learn_press_profile]<\/p>\n","protected":false},"excerpt":{"rendered":"<p>15\/03\/2021 BECAL comunica a los becarios de la Primera Convocatoria, que ya est\u00e1 disponible la lista actualizada de las tareas de retorno hasta la fecha 09\/03\/2021. \u00a0 \u00a0. . En cumplimiento a las obligaciones de retorno y permanencia en el pa\u00eds, el Programa Nacional de [&hellip;]<\/p>\n","protected":false},"author":1,"featured_media":11518,"comment_status":"closed","ping_status":"closed","sticky":false,"template":"","format":"standard","meta":{"footnotes":""},"categories":[96],"tags":[],"class_list":["post-11515","post","type-post","status-publish","format-standard","has-post-thumbnail","hentry","category-tareas-de-retorno"],"_links":{"self":[{"href":"https:\/\/migracion.becal.gov.py\/v2\/wp-json\/wp\/v2\/posts\/11515","targetHints":{"allow":["GET"]}}],"collection":[{"href":"https:\/\/migracion.becal.gov.py\/v2\/wp-json\/wp\/v2\/posts"}],"about":[{"href":"https:\/\/migracion.becal.gov.py\/v2\/wp-json\/wp\/v2\/types\/post"}],"author":[{"embeddable":true,"href":"https:\/\/migracion.becal.gov.py\/v2\/wp-json\/wp\/v2\/users\/1"}],"replies":[{"embeddable":true,"href":"https:\/\/migracion.becal.gov.py\/v2\/wp-json\/wp\/v2\/comments?post=11515"}],"version-history":[{"count":1,"href":"https:\/\/migracion.becal.gov.py\/v2\/wp-json\/wp\/v2\/posts\/11515\/revisions"}],"predecessor-version":[{"id":16347,"href":"https:\/\/migracion.becal.gov.py\/v2\/wp-json\/wp\/v2\/posts\/11515\/revisions\/16347"}],"wp:featuredmedia":[{"embeddable":true,"href":"https:\/\/migracion.becal.gov.py\/v2\/wp-json\/wp\/v2\/media\/11518"}],"wp:attachment":[{"href":"https:\/\/migracion.becal.gov.py\/v2\/wp-json\/wp\/v2\/media?parent=11515"}],"wp:term":[{"taxonomy":"category","embeddable":true,"href":"https:\/\/migracion.becal.gov.py\/v2\/wp-json\/wp\/v2\/categories?post=11515"},{"taxonomy":"post_tag","embeddable":true,"href":"https:\/\/migracion.becal.gov.py\/v2\/wp-json\/wp\/v2\/tags?post=11515"}],"curies":[{"name":"wp","href":"https:\/\/api.w.org\/{rel}","templated":true}]}}