{"id":11527,"date":"2021-02-22T18:05:04","date_gmt":"2021-02-22T18:05:04","guid":{"rendered":"https:\/\/becal.gov.py\/v2\/?p=7281"},"modified":"2023-03-02T09:26:51","modified_gmt":"2023-03-02T09:26:51","slug":"becal-lanza-las-nuevas-convocatorias-autogestionadas-2021","status":"publish","type":"post","link":"https:\/\/migracion.becal.gov.py\/v2\/2021\/02\/22\/becal-lanza-las-nuevas-convocatorias-autogestionadas-2021\/","title":{"rendered":"BECAL lanza las nuevas Convocatorias Autogestionadas 2021."},"content":{"rendered":"<p style=\"text-align: right\">22\/02\/2021<\/p>\n<p><img fetchpriority=\"high\" decoding=\"async\" class=\" wp-image-4978 aligncenter\" src=\"https:\/\/migracion.becal.gov.py\/wp-content\/uploads\/2020\/05\/Logo-BECAL.jpg\" alt=\"\" width=\"344\" height=\"150\"><\/p>\n<p>El Programa Nacional de Becas de Postgrado en el exterior \u201cDon Carlos Antonio L\u00f3pez\u201d lanza oficialmente las Convocatorias 2021.<\/p>\n<p>El objetivo general de Becal es contribuir al aumento de los niveles de generaci\u00f3n y aplicaci\u00f3n de conocimientos en las \u00e1reas de Ciencia y Tecnolog\u00eda, Innovaci\u00f3n y gesti\u00f3n y aprendizaje en la Educaci\u00f3n a trav\u00e9s del mejoramiento y profesionalizaci\u00f3n del capital humano avanzado del pa\u00eds.<\/p>\n<p>Con este fin se presentan las convocatorias de programas de maestr\u00edas, doctorados y postdoctorados para el primer y segundo semestre del 2021.<\/p>\n<p>Becal otorgar\u00e1 este a\u00f1o 215 cupos en la modalidad Autogestionada:<\/p>\n<ul>\n<li>52 becas para Doctorado en CTI.<\/li>\n<li>35 becas para Maestr\u00eda en CTI.<\/li>\n<li>9 becas para Doctorado en Educaci\u00f3n y\/o Gesti\u00f3n Educativa.<\/li>\n<li>36 becas para Maestr\u00eda en Educaci\u00f3n y\/o Gesti\u00f3n Educativa.<\/li>\n<li>20 becas para Maestr\u00eda en CTI a Distancia-Semipresencial.<\/li>\n<li>10 becas para Maestr\u00eda en Educaci\u00f3n a Distancia-Semipresencial.<\/li>\n<li>30 becas para Intercambio Internacional a Nivel de Grado.<\/li>\n<li>13 becas para Postdoctorado.<\/li>\n<\/ul>\n\n\n<figure class=\"wp-block-embed-youtube wp-block-embed is-type-video is-provider-youtube wp-embed-aspect-16-9 wp-has-aspect-ratio\"><div class=\"wp-block-embed__wrapper\">\n<iframe title=\"\ud83d\udc4f\ud83c\udffb Lanzamiento de las Convocatorias 2021 de Maestr\u00edas, Doctorados y Postdoctorados.\" width=\"525\" height=\"295\" src=\"https:\/\/www.youtube.com\/embed\/t3nQ4DaX4KI?feature=oembed\" frameborder=\"0\" allow=\"accelerometer; autoplay; clipboard-write; encrypted-media; gyroscope; picture-in-picture; web-share\" referrerpolicy=\"strict-origin-when-cross-origin\" allowfullscreen><\/iframe>\n<\/div><\/figure>\n\n\n<p>Como una innovaci\u00f3n se ofrecen este a\u00f1o, las Maestr\u00edas tem\u00e1ticas para funcionarios de Instituciones P\u00fablicas de la Polic\u00eda Nacional, el Ministerio de Salud y del Equipo Econ\u00f3mico, con una cantidad de 10 cupos en las modalidades presencial, semipresencial y cien por ciento virtual.<\/p>\n\n\n<figure class=\"wp-block-embed-youtube wp-block-embed is-type-video is-provider-youtube wp-embed-aspect-16-9 wp-has-aspect-ratio\"><div class=\"wp-block-embed__wrapper\">\n<iframe title=\"Convocatorias BECAL 2021 contar\u00e1 con Maestr\u00edas Tem\u00e1ticas para funcionarios de instituciones p\u00fablicas\" width=\"525\" height=\"295\" src=\"https:\/\/www.youtube.com\/embed\/rtbcM-jTkVw?feature=oembed\" frameborder=\"0\" allow=\"accelerometer; autoplay; clipboard-write; encrypted-media; gyroscope; picture-in-picture; web-share\" referrerpolicy=\"strict-origin-when-cross-origin\" allowfullscreen><\/iframe>\n<\/div><\/figure>\n\n\n<p>Las postulaciones podr\u00e1n realizarse hasta el mes de mayo para el primer semestre. Cada interesado debe postular a la Universidad en la que desea cursar sus estudios y una vez que cuente con la admisi\u00f3n, presentarse a la convocatoria del Programa.<\/p>\n<p>La Gu\u00eda de Bases y Condiciones para estas Convocatorias ya se encuentra disponible:<\/p>\n\n<a href=\"https:\/\/migracion.becal.gov.py\/wp-content\/uploads\/2021\/02\/GBC-2021-Ver-Final.pdf\" class=\"pdfemb-viewer\" style=\"\" data-width=\"max\" data-height=\"max\" data-toolbar=\"bottom\" data-toolbar-fixed=\"on\">GBC-2021-Ver-Final<\/a>\n<p class=\"wp-block-pdfemb-pdf-embedder-viewer\"><\/p>\n<p>[learn_press_profile]<\/p>\n","protected":false},"excerpt":{"rendered":"<p>22\/02\/2021 El Programa Nacional de Becas de Postgrado en el exterior \u201cDon Carlos Antonio L\u00f3pez\u201d lanza oficialmente las Convocatorias 2021. El objetivo general de Becal es contribuir al aumento de los niveles de generaci\u00f3n y aplicaci\u00f3n de conocimientos en las \u00e1reas de Ciencia y Tecnolog\u00eda, [&hellip;]<\/p>\n","protected":false},"author":1,"featured_media":11528,"comment_status":"closed","ping_status":"closed","sticky":false,"template":"","format":"standard","meta":{"footnotes":""},"categories":[85],"tags":[],"class_list":["post-11527","post","type-post","status-publish","format-standard","has-post-thumbnail","hentry","category-convocatorias"],"_links":{"self":[{"href":"https:\/\/migracion.becal.gov.py\/v2\/wp-json\/wp\/v2\/posts\/11527","targetHints":{"allow":["GET"]}}],"collection":[{"href":"https:\/\/migracion.becal.gov.py\/v2\/wp-json\/wp\/v2\/posts"}],"about":[{"href":"https:\/\/migracion.becal.gov.py\/v2\/wp-json\/wp\/v2\/types\/post"}],"author":[{"embeddable":true,"href":"https:\/\/migracion.becal.gov.py\/v2\/wp-json\/wp\/v2\/users\/1"}],"replies":[{"embeddable":true,"href":"https:\/\/migracion.becal.gov.py\/v2\/wp-json\/wp\/v2\/comments?post=11527"}],"version-history":[{"count":1,"href":"https:\/\/migracion.becal.gov.py\/v2\/wp-json\/wp\/v2\/posts\/11527\/revisions"}],"predecessor-version":[{"id":16419,"href":"https:\/\/migracion.becal.gov.py\/v2\/wp-json\/wp\/v2\/posts\/11527\/revisions\/16419"}],"wp:featuredmedia":[{"embeddable":true,"href":"https:\/\/migracion.becal.gov.py\/v2\/wp-json\/wp\/v2\/media\/11528"}],"wp:attachment":[{"href":"https:\/\/migracion.becal.gov.py\/v2\/wp-json\/wp\/v2\/media?parent=11527"}],"wp:term":[{"taxonomy":"category","embeddable":true,"href":"https:\/\/migracion.becal.gov.py\/v2\/wp-json\/wp\/v2\/categories?post=11527"},{"taxonomy":"post_tag","embeddable":true,"href":"https:\/\/migracion.becal.gov.py\/v2\/wp-json\/wp\/v2\/tags?post=11527"}],"curies":[{"name":"wp","href":"https:\/\/api.w.org\/{rel}","templated":true}]}}