{"id":11564,"date":"2021-01-13T19:40:20","date_gmt":"2021-01-13T19:40:20","guid":{"rendered":"https:\/\/becal.gov.py\/v2\/?p=7073"},"modified":"2023-03-02T05:28:44","modified_gmt":"2023-03-02T05:28:44","slug":"es-importante-cumplir-con-el-protocolo-sanitario-el-dia-16-de-enero","status":"publish","type":"post","link":"https:\/\/migracion.becal.gov.py\/v2\/2021\/01\/13\/es-importante-cumplir-con-el-protocolo-sanitario-el-dia-16-de-enero\/","title":{"rendered":"Es importante cumplir con el protocolo sanitario el d\u00eda 16 de enero"},"content":{"rendered":"<p style=\"text-align: right\">13\/01\/2021<\/p>\n<p><a href=\"https:\/\/migracion.becal.gov.py\/wp-content\/uploads\/2021\/01\/BECAS-2020-Banner.png\"><img fetchpriority=\"high\" decoding=\"async\" class=\"alignnone size-full wp-image-6945\" src=\"https:\/\/migracion.becal.gov.py\/wp-content\/uploads\/2021\/01\/BECAS-2020-Banner.png\" alt=\"\" width=\"2071\" height=\"454\" \/><\/a><\/p>\n<p>\u00a0<\/p>\n<p>Te recordamos el protocolo a tener en cuenta este s\u00e1bado 16 de enero, d\u00eda del examen de competencias b\u00e1sicas de la Convocatoria 2020 ITAIPU-BECAL.<\/p>\n<ul>\n<li>Repas\u00e1 los ejes tem\u00e1ticos publicados en las p\u00e1ginas web de Itaip\u00fa y de Becal.<\/li>\n<li>Verific\u00e1 tu sede y horario.<\/li>\n<li>Revis\u00e1 el modelo de tu calculadora, si es la permitida.<\/li>\n<li>Record\u00e1 que las sedes habilitadas son:\n<ul>\n<li>San Lorenzo: <strong>FIUNA<\/strong>.<\/li>\n<li>Luque: <strong>CITEC<\/strong>.<\/li>\n<li>Ciudad del Este: <strong>UNE<\/strong>.<\/li>\n<li>Coronel Oviedo: <strong>UNCA<\/strong>.<\/li>\n<li>Concepci\u00f3n: <strong>UNC<\/strong>.<\/li>\n<li>Encarnaci\u00f3n: <strong>UNI<\/strong>.<\/li>\n<\/ul>\n<\/li>\n<li>No olvides presentar tu c\u00e9dula de identidad y tu declaraci\u00f3n jurada del Ministerio de Salud, y si ten\u00e9s en forma adicional, el certificado de Senadis y el carnet ind\u00edgena.<\/li>\n<li>Llev\u00e1 tu tapabocas y segu\u00ed todas las medidas sanitarias dispuestas. S\u00f3lo se permitir\u00e1 el ingreso a las sedes del estudiante postulante.<\/li>\n<\/ul>\n<p>\u00a0<\/p>\n<p><a href=\"https:\/\/migracion.becal.gov.py\/wp-content\/uploads\/2021\/01\/WhatsApp-Image-2021-01-13-at-15.07.32.jpeg\"><img decoding=\"async\" class=\"alignnone size-full wp-image-7072\" src=\"https:\/\/migracion.becal.gov.py\/wp-content\/uploads\/2021\/01\/WhatsApp-Image-2021-01-13-at-15.07.32.jpeg\" alt=\"\" width=\"1152\" height=\"1280\" \/><\/a><\/p>\n<p>Para m\u00e1s informaci\u00f3n:<\/p>\n<ul>\n<li><strong><a href=\"https:\/\/migracion.becal.gov.py\/atencion-preseleccionados-se-reanuda-el-proceso-para-becas-itaipu-becal-de-la-convocatoria-2020\/\">Se reanuda el proceso para Becas Itaip\u00fa \u2013 BECAL de la Convocatoria 2020<\/a><\/strong>.<\/li>\n<li><strong><a href=\"https:\/\/migracion.becal.gov.py\/examen-para-becas-de-la-convocatoria-2020-de-itaipu-becal-sera-el-16-de-enero\/\">Fecha de Examen para Becas de la Convocatoria 2020 de Itaip\u00fa -BECAL<\/a><\/strong>.<\/li>\n<\/ul>\n\n\n<p><\/p>\n<p>[learn_press_profile]<\/p>\n","protected":false},"excerpt":{"rendered":"<p>13\/01\/2021 \u00a0 Te recordamos el protocolo a tener en cuenta este s\u00e1bado 16 de enero, d\u00eda del examen de competencias b\u00e1sicas de la Convocatoria 2020 ITAIPU-BECAL. Repas\u00e1 los ejes tem\u00e1ticos publicados en las p\u00e1ginas web de Itaip\u00fa y de Becal. Verific\u00e1 tu sede y horario. [&hellip;]<\/p>\n","protected":false},"author":1,"featured_media":11565,"comment_status":"closed","ping_status":"closed","sticky":false,"template":"","format":"standard","meta":{"footnotes":""},"categories":[85],"tags":[],"class_list":["post-11564","post","type-post","status-publish","format-standard","has-post-thumbnail","hentry","category-convocatorias"],"_links":{"self":[{"href":"https:\/\/migracion.becal.gov.py\/v2\/wp-json\/wp\/v2\/posts\/11564","targetHints":{"allow":["GET"]}}],"collection":[{"href":"https:\/\/migracion.becal.gov.py\/v2\/wp-json\/wp\/v2\/posts"}],"about":[{"href":"https:\/\/migracion.becal.gov.py\/v2\/wp-json\/wp\/v2\/types\/post"}],"author":[{"embeddable":true,"href":"https:\/\/migracion.becal.gov.py\/v2\/wp-json\/wp\/v2\/users\/1"}],"replies":[{"embeddable":true,"href":"https:\/\/migracion.becal.gov.py\/v2\/wp-json\/wp\/v2\/comments?post=11564"}],"version-history":[{"count":1,"href":"https:\/\/migracion.becal.gov.py\/v2\/wp-json\/wp\/v2\/posts\/11564\/revisions"}],"predecessor-version":[{"id":16358,"href":"https:\/\/migracion.becal.gov.py\/v2\/wp-json\/wp\/v2\/posts\/11564\/revisions\/16358"}],"wp:featuredmedia":[{"embeddable":true,"href":"https:\/\/migracion.becal.gov.py\/v2\/wp-json\/wp\/v2\/media\/11565"}],"wp:attachment":[{"href":"https:\/\/migracion.becal.gov.py\/v2\/wp-json\/wp\/v2\/media?parent=11564"}],"wp:term":[{"taxonomy":"category","embeddable":true,"href":"https:\/\/migracion.becal.gov.py\/v2\/wp-json\/wp\/v2\/categories?post=11564"},{"taxonomy":"post_tag","embeddable":true,"href":"https:\/\/migracion.becal.gov.py\/v2\/wp-json\/wp\/v2\/tags?post=11564"}],"curies":[{"name":"wp","href":"https:\/\/api.w.org\/{rel}","templated":true}]}}