{"id":11566,"date":"2021-01-11T16:55:59","date_gmt":"2021-01-11T16:55:59","guid":{"rendered":"https:\/\/becal.gov.py\/v2\/?p=7031"},"modified":"2023-03-02T07:29:08","modified_gmt":"2023-03-02T07:29:08","slug":"celebramos-la-iniciativa-de-nuestros-exbecarios","status":"publish","type":"post","link":"https:\/\/migracion.becal.gov.py\/v2\/2021\/01\/11\/celebramos-la-iniciativa-de-nuestros-exbecarios\/","title":{"rendered":"Celebramos la iniciativa de nuestros exbecarios."},"content":{"rendered":"<p style=\"text-align: right\">11\/01\/2021<\/p>\n<a href=\"https:\/\/migracion.becal.gov.py\/wp-content\/uploads\/2020\/04\/Logo-BECAL-1.jpg\"><img fetchpriority=\"high\" decoding=\"async\" class=\" wp-image-4808 aligncenter\" src=\"https:\/\/migracion.becal.gov.py\/wp-content\/uploads\/2020\/04\/Logo-BECAL-1.jpg\" alt=\"\" width=\"372\" height=\"162\" \/><\/a>\n\nAnte la entrada en vigencia, en julio pr\u00f3ximo, de la ley sobre uso de bolsas biodegradables en supermercados, Mar\u00eda Nasta, exbecaria de Becal y principal responsable de la primera f\u00e1brica de biopl\u00e1sticos del Paraguay, trabaja en la fabricaci\u00f3n de bolsas biodegradables, compuestas de almidones y aceites vegetales.\n\n<a href=\"https:\/\/migracion.becal.gov.py\/wp-content\/uploads\/2021\/01\/WhatsApp-Image-2021-01-10-at-21.19-.jpg\"><img decoding=\"async\" class=\" wp-image-7036 aligncenter\" src=\"https:\/\/migracion.becal.gov.py\/wp-content\/uploads\/2021\/01\/WhatsApp-Image-2021-01-10-at-21.19-.jpg\" alt=\"\" width=\"466\" height=\"304\" \/><\/a>\n\nLas bolsas se degradan en un tiempo de entre 90 y 180 d\u00edas. Con esto se busca crear conciencia de la importancia del cuidado del ambiente, el reciclaje y clasificaci\u00f3n de la residuos.\n\nCompartimos la publicaci\u00f3n de Ultima Hora que destaca la labor de nuestra becaria: <a href=\"https:\/\/www.ultimahora.com\/la-ley-que-cambia-las-bolsas-super-regira-julio-n2922228.html\">La ley que cambia las bolas de supermercados, regir\u00e1 desde julio.<\/a><p>[learn_press_profile]<\/p>\n","protected":false},"excerpt":{"rendered":"<p>11\/01\/2021 Ante la entrada en vigencia, en julio pr\u00f3ximo, de la ley sobre uso de bolsas biodegradables en supermercados, Mar\u00eda Nasta, exbecaria de Becal y principal responsable de la primera f\u00e1brica de biopl\u00e1sticos del Paraguay, trabaja en la fabricaci\u00f3n de bolsas biodegradables, compuestas de almidones [&hellip;]<\/p>\n","protected":false},"author":1,"featured_media":11567,"comment_status":"closed","ping_status":"closed","sticky":false,"template":"","format":"standard","meta":{"footnotes":""},"categories":[89],"tags":[],"class_list":["post-11566","post","type-post","status-publish","format-standard","has-post-thumbnail","hentry","category-becarios"],"_links":{"self":[{"href":"https:\/\/migracion.becal.gov.py\/v2\/wp-json\/wp\/v2\/posts\/11566","targetHints":{"allow":["GET"]}}],"collection":[{"href":"https:\/\/migracion.becal.gov.py\/v2\/wp-json\/wp\/v2\/posts"}],"about":[{"href":"https:\/\/migracion.becal.gov.py\/v2\/wp-json\/wp\/v2\/types\/post"}],"author":[{"embeddable":true,"href":"https:\/\/migracion.becal.gov.py\/v2\/wp-json\/wp\/v2\/users\/1"}],"replies":[{"embeddable":true,"href":"https:\/\/migracion.becal.gov.py\/v2\/wp-json\/wp\/v2\/comments?post=11566"}],"version-history":[{"count":1,"href":"https:\/\/migracion.becal.gov.py\/v2\/wp-json\/wp\/v2\/posts\/11566\/revisions"}],"predecessor-version":[{"id":16394,"href":"https:\/\/migracion.becal.gov.py\/v2\/wp-json\/wp\/v2\/posts\/11566\/revisions\/16394"}],"wp:featuredmedia":[{"embeddable":true,"href":"https:\/\/migracion.becal.gov.py\/v2\/wp-json\/wp\/v2\/media\/11567"}],"wp:attachment":[{"href":"https:\/\/migracion.becal.gov.py\/v2\/wp-json\/wp\/v2\/media?parent=11566"}],"wp:term":[{"taxonomy":"category","embeddable":true,"href":"https:\/\/migracion.becal.gov.py\/v2\/wp-json\/wp\/v2\/categories?post=11566"},{"taxonomy":"post_tag","embeddable":true,"href":"https:\/\/migracion.becal.gov.py\/v2\/wp-json\/wp\/v2\/tags?post=11566"}],"curies":[{"name":"wp","href":"https:\/\/api.w.org\/{rel}","templated":true}]}}