{"id":11672,"date":"2020-12-07T19:38:30","date_gmt":"2020-12-07T19:38:30","guid":{"rendered":"https:\/\/becal.gov.py\/v2\/?p=6831"},"modified":"2023-03-02T16:41:18","modified_gmt":"2023-03-02T16:41:18","slug":"evelyn-madelaire-alarcon-y-su-equipo-de-trabajo-recibieron-un-importante-reconocimiento-a-nivel-nacional","status":"publish","type":"post","link":"https:\/\/migracion.becal.gov.py\/v2\/2020\/12\/07\/evelyn-madelaire-alarcon-y-su-equipo-de-trabajo-recibieron-un-importante-reconocimiento-a-nivel-nacional\/","title":{"rendered":"Evelyn Madelaire Alarc\u00f3n y su equipo de trabajo, recibieron un importante reconocimiento a nivel nacional."},"content":{"rendered":"<p style=\"text-align: right\">07\/12\/2020<\/p>\n<a href=\"https:\/\/migracion.becal.gov.py\/wp-content\/uploads\/2020\/04\/logo-becal-2.png\"><img decoding=\"async\" class=\" wp-image-4810 aligncenter\" src=\"https:\/\/migracion.becal.gov.py\/wp-content\/uploads\/2020\/04\/logo-becal-2.png\" alt=\"\" width=\"257\" height=\"175\" \/><\/a>\n\n\u00a1Celebramos los logros de nuestros Exbecarios!\n\nAl frente de la Unidad de Proyectos de la FADA, UNA, Evelyn Madelaire Alarc\u00f3n y su equipo de trabajo recibieron un importante reconocimiento a nivel nacional.\n\nNuestra exbecaria de la tercera Convocatoria Autogestionada coordina desde la Unidad de Proyectos de la Facultad de Arquitectura, Dise\u00f1o y Arte de la UNA, el eje de acci\u00f3n en &#8220;Gesti\u00f3n y planificaci\u00f3n participativa de ciudades inclusivas, seguras, resilientes y sostenibles&#8221;.\n\nGracias al excelente trabajo desarrollado en estos dos a\u00f1os, el proyecto recibi\u00f3 el reconocimiento ODS 2020 en la categor\u00eda Prosperidad.\n\nLos Objetivos de Desarrollo Sostenible (ODS), con miras al 2030, tambi\u00e9n conocidos como Objetivos Mundiales, son una agenda adoptada por 193 pa\u00edses, entre ellos Paraguay, y es un llamado universal a poner fin a la pobreza, proteger el planeta y garantizar que todas las personas gocen de paz y prosperidad.\n\nEvelyn Madelaire expresa que hace exactamente dos a\u00f1os, cuando reci\u00e9n lleg\u00f3 de Barcelona, sin aterrizar bien ni la mente ni el coraz\u00f3n fue consciente de que la academia era el lugar en el que quer\u00eda estar para intentar conectarla con la sociedad.\n\nBarcelona le di\u00f3 todo y a\u00fan la posibilidad de quedarse. Sin embargo, Becal le otorg\u00f3 la oportunidad de estudiar en Espa\u00f1a una Maestr\u00eda en Gesti\u00f3n de la Edificaci\u00f3n. Por eso, desde su retorno, trabaja arduamente para retribuir al Estado y a la Sociedad todo el conocimiento y la experiencia que recibi\u00f3.\n\n<a href=\"https:\/\/migracion.becal.gov.py\/wp-content\/uploads\/2020\/12\/WhatsApp-Image-2020-12-07-at-14.02.42.jpeg\"><img fetchpriority=\"high\" decoding=\"async\" class=\"alignnone size-full wp-image-6832\" src=\"https:\/\/migracion.becal.gov.py\/wp-content\/uploads\/2020\/12\/WhatsApp-Image-2020-12-07-at-14.02.42.jpeg\" alt=\"\" width=\"743\" height=\"396\" \/><\/a><p>[learn_press_profile]<\/p>\n","protected":false},"excerpt":{"rendered":"<p>07\/12\/2020 \u00a1Celebramos los logros de nuestros Exbecarios! Al frente de la Unidad de Proyectos de la FADA, UNA, Evelyn Madelaire Alarc\u00f3n y su equipo de trabajo recibieron un importante reconocimiento a nivel nacional. Nuestra exbecaria de la tercera Convocatoria Autogestionada coordina desde la Unidad de [&hellip;]<\/p>\n","protected":false},"author":1,"featured_media":11673,"comment_status":"closed","ping_status":"closed","sticky":false,"template":"","format":"standard","meta":{"footnotes":""},"categories":[80],"tags":[],"class_list":["post-11672","post","type-post","status-publish","format-standard","has-post-thumbnail","hentry","category-estudios-y-publicaciones"],"_links":{"self":[{"href":"https:\/\/migracion.becal.gov.py\/v2\/wp-json\/wp\/v2\/posts\/11672","targetHints":{"allow":["GET"]}}],"collection":[{"href":"https:\/\/migracion.becal.gov.py\/v2\/wp-json\/wp\/v2\/posts"}],"about":[{"href":"https:\/\/migracion.becal.gov.py\/v2\/wp-json\/wp\/v2\/types\/post"}],"author":[{"embeddable":true,"href":"https:\/\/migracion.becal.gov.py\/v2\/wp-json\/wp\/v2\/users\/1"}],"replies":[{"embeddable":true,"href":"https:\/\/migracion.becal.gov.py\/v2\/wp-json\/wp\/v2\/comments?post=11672"}],"version-history":[{"count":1,"href":"https:\/\/migracion.becal.gov.py\/v2\/wp-json\/wp\/v2\/posts\/11672\/revisions"}],"predecessor-version":[{"id":16490,"href":"https:\/\/migracion.becal.gov.py\/v2\/wp-json\/wp\/v2\/posts\/11672\/revisions\/16490"}],"wp:featuredmedia":[{"embeddable":true,"href":"https:\/\/migracion.becal.gov.py\/v2\/wp-json\/wp\/v2\/media\/11673"}],"wp:attachment":[{"href":"https:\/\/migracion.becal.gov.py\/v2\/wp-json\/wp\/v2\/media?parent=11672"}],"wp:term":[{"taxonomy":"category","embeddable":true,"href":"https:\/\/migracion.becal.gov.py\/v2\/wp-json\/wp\/v2\/categories?post=11672"},{"taxonomy":"post_tag","embeddable":true,"href":"https:\/\/migracion.becal.gov.py\/v2\/wp-json\/wp\/v2\/tags?post=11672"}],"curies":[{"name":"wp","href":"https:\/\/api.w.org\/{rel}","templated":true}]}}