{"id":11675,"date":"2020-12-07T19:21:05","date_gmt":"2020-12-07T19:21:05","guid":{"rendered":"https:\/\/becal.gov.py\/v2\/?p=6826"},"modified":"2023-03-02T19:40:08","modified_gmt":"2023-03-02T19:40:08","slug":"iniciativas-con-potencial-para-el-cambio-socioeconomico-del-pais","status":"publish","type":"post","link":"https:\/\/migracion.becal.gov.py\/v2\/2020\/12\/07\/iniciativas-con-potencial-para-el-cambio-socioeconomico-del-pais\/","title":{"rendered":"Iniciativas con potencial para el cambio socioecon\u00f3mico del pa\u00eds."},"content":{"rendered":"<p style=\"text-align: right\">07\/12\/2020<\/p>\n<a href=\"https:\/\/migracion.becal.gov.py\/wp-content\/uploads\/2020\/01\/Logo-BECAL-1.jpg\"><img decoding=\"async\" class=\" wp-image-4374 aligncenter\" src=\"https:\/\/migracion.becal.gov.py\/wp-content\/uploads\/2020\/01\/Logo-BECAL-1.jpg\" alt=\"\" width=\"312\" height=\"136\"><\/a>\n\nAgradecemos al diario La Naci\u00f3n por la promoci\u00f3n de nuestros Exbecarios, destacando el trabajo que lleva adelante M\u00f3nica R\u00edos, jefa de Exploraci\u00f3n del Laboratorio de Aceleraci\u00f3n del PNUD en Paraguay.\n\nM\u00f3nica R\u00edos realiz\u00f3 una Maestr\u00eda en Creaci\u00f3n y Gesti\u00f3n de Empresas Innovadoras y de Base Tecnol\u00f3gica en la Universidad de Barcelona a trav\u00e9s del Programa Becal.\n\nActualmente, desde su puesto laboral, impulsa el crecimiento de iniciativas con potencial para el cambio socioecon\u00f3mico que necesita el Paraguay en su proceso de desarrollo sostenible.\n\nSu principal motivaci\u00f3n reside en potenciar proyectos paraguayos que inspiren a otros, as\u00ed como conocer y aprender pr\u00e1cticas desarrolladas por otros laboratorios del mundo.\n\nConoc\u00e9 m\u00e1s sobre su experiencia y su labor leyendo el reportaje en el siguiente link: <span style=\"text-decoration: underline\"><a href=\"http:\/\/foco.lanacion.com.py\/2020\/12\/07\/incidir-en-el-cambio-desde-la-innovacion-y-el-dialogo-social\/\">Incidir en el cambio desde la innovaci\u00f3n y el di\u00e1logo social<\/a><\/span>\n\n<a href=\"https:\/\/migracion.becal.gov.py\/wp-content\/uploads\/2020\/12\/GJ4IIZTUUND6VEVXKF4DXNBGTA.jpg\"><img fetchpriority=\"high\" decoding=\"async\" class=\"alignnone size-full wp-image-6828\" src=\"https:\/\/migracion.becal.gov.py\/wp-content\/uploads\/2020\/12\/GJ4IIZTUUND6VEVXKF4DXNBGTA.jpg\" alt=\"\" width=\"1000\" height=\"667\"><\/a><p>[learn_press_profile]<\/p>\n","protected":false},"excerpt":{"rendered":"<p>07\/12\/2020 Agradecemos al diario La Naci\u00f3n por la promoci\u00f3n de nuestros Exbecarios, destacando el trabajo que lleva adelante M\u00f3nica R\u00edos, jefa de Exploraci\u00f3n del Laboratorio de Aceleraci\u00f3n del PNUD en Paraguay. M\u00f3nica R\u00edos realiz\u00f3 una Maestr\u00eda en Creaci\u00f3n y Gesti\u00f3n de Empresas Innovadoras y de [&hellip;]<\/p>\n","protected":false},"author":1,"featured_media":11677,"comment_status":"closed","ping_status":"closed","sticky":false,"template":"","format":"standard","meta":{"footnotes":""},"categories":[89,80],"tags":[],"class_list":["post-11675","post","type-post","status-publish","format-standard","has-post-thumbnail","hentry","category-becarios","category-estudios-y-publicaciones"],"_links":{"self":[{"href":"https:\/\/migracion.becal.gov.py\/v2\/wp-json\/wp\/v2\/posts\/11675","targetHints":{"allow":["GET"]}}],"collection":[{"href":"https:\/\/migracion.becal.gov.py\/v2\/wp-json\/wp\/v2\/posts"}],"about":[{"href":"https:\/\/migracion.becal.gov.py\/v2\/wp-json\/wp\/v2\/types\/post"}],"author":[{"embeddable":true,"href":"https:\/\/migracion.becal.gov.py\/v2\/wp-json\/wp\/v2\/users\/1"}],"replies":[{"embeddable":true,"href":"https:\/\/migracion.becal.gov.py\/v2\/wp-json\/wp\/v2\/comments?post=11675"}],"version-history":[{"count":1,"href":"https:\/\/migracion.becal.gov.py\/v2\/wp-json\/wp\/v2\/posts\/11675\/revisions"}],"predecessor-version":[{"id":16502,"href":"https:\/\/migracion.becal.gov.py\/v2\/wp-json\/wp\/v2\/posts\/11675\/revisions\/16502"}],"wp:featuredmedia":[{"embeddable":true,"href":"https:\/\/migracion.becal.gov.py\/v2\/wp-json\/wp\/v2\/media\/11677"}],"wp:attachment":[{"href":"https:\/\/migracion.becal.gov.py\/v2\/wp-json\/wp\/v2\/media?parent=11675"}],"wp:term":[{"taxonomy":"category","embeddable":true,"href":"https:\/\/migracion.becal.gov.py\/v2\/wp-json\/wp\/v2\/categories?post=11675"},{"taxonomy":"post_tag","embeddable":true,"href":"https:\/\/migracion.becal.gov.py\/v2\/wp-json\/wp\/v2\/tags?post=11675"}],"curies":[{"name":"wp","href":"https:\/\/api.w.org\/{rel}","templated":true}]}}