{"id":11741,"date":"2020-10-20T15:37:13","date_gmt":"2020-10-20T15:37:13","guid":{"rendered":"https:\/\/becal.gov.py\/v2\/?p=6545"},"modified":"2023-03-01T12:59:13","modified_gmt":"2023-03-01T12:59:13","slug":"llamado-a-concurso-consultoria-estratega-de-sistemas-y-gestion-de-la-informacion-2","status":"publish","type":"post","link":"https:\/\/migracion.becal.gov.py\/v2\/2020\/10\/20\/llamado-a-concurso-consultoria-estratega-de-sistemas-y-gestion-de-la-informacion-2\/","title":{"rendered":"Llamado a Concurso: Consultor\u00eda Estratega de Sistemas y Gesti\u00f3n de la Informaci\u00f3n"},"content":{"rendered":"<p style=\"text-align: right\">20\/10\/2020<\/p>\n<a href=\"https:\/\/migracion.becal.gov.py\/wp-content\/uploads\/2020\/05\/Logo-BECAL.jpg\"><img decoding=\"async\" class=\" wp-image-4978 aligncenter\" src=\"https:\/\/migracion.becal.gov.py\/wp-content\/uploads\/2020\/05\/Logo-BECAL-300x131.jpg\" alt=\"\" width=\"263\" height=\"115\" \/><\/a>\n\nEl Programa Nacional de Becas de Postgrado en el Exterior &#8220;Don Carlos Antonio L\u00f3pez&#8221;, tiene el agrado de invitar a la participaci\u00f3n para concurso al cargo de Consultor\u00eda Estratega de Sistemas y Gesti\u00f3n de la Informaci\u00f3n.\n\nLas documentaciones expuestas a continuaci\u00f3n, deber\u00e1n ser remitidas v\u00eda e-mail a <strong>becal_financiero@hacienda.gov.py, malizcaballero@hotmail.com, <\/strong>con copia al correo <strong>hector_indigante@hacienda.gov.py<\/strong>, hasta el d\u00eda <strong>viernes 23\/10\/2020<\/strong> a las <strong>15:00 hs.<\/strong>\n\nEs importante recordar que deben ser anexados los documentos respaldatorios se\u00f1alados en el TDR y que sustenten lo mencionado en el CV.\n\n<span style=\"color: #ffffff\">.<\/span>\n<table style=\"border-collapse: collapse;width: 100%\" border=\"1\">\n<tbody>\n<tr style=\"background-color: #004c01\">\n<td style=\"width: 31.8387%;height: 32px;color: #ffffff;font-size: small;text-align: center\"><b>Documentos<\/b><\/td>\n<td style=\"width: 17.2991%;height: 32px;color: #ffffff;font-size: small;text-align: center\"><strong>Descargar<\/strong><\/td>\n<\/tr>\n<tr style=\"height: 23px\">\n<td style=\"width: 31.8387%;height: 38px;vertical-align: middle;text-align: left\">Nota PNB N\u00ba 1113\/2020: Nota de Invitaci\u00f3n<\/td>\n<td style=\"width: 17.2991%;height: 38px;text-align: center;vertical-align: middle\"><a href=\"https:\/\/migracion.becal.gov.py\/wp-content\/uploads\/2020\/10\/Nota-PNB-N\u00b0-1113_20-Invitaci\u00f3n-Generica-Estratega.pdf\"> <button style=\"background-color: #004c01\"><span style=\"color: #ffffff\">Aqu\u00ed<\/span><\/button><\/a><\/td>\n<\/tr>\n<tr style=\"height: 23px\">\n<td style=\"width: 31.8387%;height: 44px;vertical-align: middle;text-align: left\">T\u00e9rminos de Referencias: TDR<\/td>\n<td style=\"width: 17.2991%;height: 44px;text-align: center;vertical-align: middle\"><a href=\"https:\/\/migracion.becal.gov.py\/wp-content\/uploads\/2020\/09\/TDR-Asesor-de-Estrategia-de-Sistemas_16-09.pdf\"><button style=\"background-color: #004c01\"><span style=\"color: #ffffff\">Aqu\u00ed<\/span><\/button><\/a><\/td>\n<\/tr>\n<tr style=\"height: 23px\">\n<td style=\"width: 31.8387%;vertical-align: middle;height: 43px;text-align: left\">Formato de Carta de Postulaci\u00f3n<\/td>\n<td style=\"width: 17.2991%;height: 43px;text-align: center;vertical-align: middle\"><a href=\"https:\/\/migracion.becal.gov.py\/wp-content\/uploads\/2020\/10\/Formato-de-Carta-de-Postulaci\u00f3n-de-Estratega.docx\"><button style=\"background-color: #004c01\"><span style=\"color: #ffffff\">Aqu\u00ed<\/span><\/button><\/a><\/td>\n<\/tr>\n<tr style=\"height: 23px\">\n<td style=\"width: 31.8387%;vertical-align: middle;height: 40px;text-align: left\">Formato de Declaraci\u00f3n Jurada<\/td>\n<td style=\"width: 17.2991%;height: 40px;text-align: center;vertical-align: middle\"><a href=\"https:\/\/migracion.becal.gov.py\/wp-content\/uploads\/2020\/09\/Formato-de-Declaraci\u00f3n-Jurada-seg\u00fan-Art.-40-de-la-Ley-2051_Consultor\u00eda-Estratega.docx\"><button style=\"background-color: #004c01\"><span style=\"color: #ffffff\">Aqu\u00ed<\/span><\/button><\/a><\/td>\n<\/tr>\n<tr style=\"height: 23px\">\n<td style=\"width: 31.8387%;vertical-align: middle;height: 31px;text-align: left\">Formulario de Hoja de Vida CV<\/td>\n<td style=\"width: 17.2991%;height: 31px;text-align: center;vertical-align: middle\"><a href=\"https:\/\/migracion.becal.gov.py\/wp-content\/uploads\/2020\/09\/Formulario-de-Hoja-de-Vida-CV_Consultor\u00eda-Estratega.docx\"><button style=\"background-color: #004c01\"><span style=\"color: #ffffff\">Aqu\u00ed<\/span><\/button><\/a><\/td>\n<\/tr>\n<\/tbody>\n<\/table>\n<span style=\"color: #ffffff\">.<\/span><p>[learn_press_profile]<\/p>\n","protected":false},"excerpt":{"rendered":"<p>20\/10\/2020 El Programa Nacional de Becas de Postgrado en el Exterior &#8220;Don Carlos Antonio L\u00f3pez&#8221;, tiene el agrado de invitar a la participaci\u00f3n para concurso al cargo de Consultor\u00eda Estratega de Sistemas y Gesti\u00f3n de la Informaci\u00f3n. Las documentaciones expuestas a continuaci\u00f3n, deber\u00e1n ser remitidas [&hellip;]<\/p>\n","protected":false},"author":1,"featured_media":11742,"comment_status":"closed","ping_status":"closed","sticky":false,"template":"","format":"standard","meta":{"footnotes":""},"categories":[97],"tags":[],"class_list":["post-11741","post","type-post","status-publish","format-standard","has-post-thumbnail","hentry","category-concursos"],"_links":{"self":[{"href":"https:\/\/migracion.becal.gov.py\/v2\/wp-json\/wp\/v2\/posts\/11741","targetHints":{"allow":["GET"]}}],"collection":[{"href":"https:\/\/migracion.becal.gov.py\/v2\/wp-json\/wp\/v2\/posts"}],"about":[{"href":"https:\/\/migracion.becal.gov.py\/v2\/wp-json\/wp\/v2\/types\/post"}],"author":[{"embeddable":true,"href":"https:\/\/migracion.becal.gov.py\/v2\/wp-json\/wp\/v2\/users\/1"}],"replies":[{"embeddable":true,"href":"https:\/\/migracion.becal.gov.py\/v2\/wp-json\/wp\/v2\/comments?post=11741"}],"version-history":[{"count":1,"href":"https:\/\/migracion.becal.gov.py\/v2\/wp-json\/wp\/v2\/posts\/11741\/revisions"}],"predecessor-version":[{"id":16015,"href":"https:\/\/migracion.becal.gov.py\/v2\/wp-json\/wp\/v2\/posts\/11741\/revisions\/16015"}],"wp:featuredmedia":[{"embeddable":true,"href":"https:\/\/migracion.becal.gov.py\/v2\/wp-json\/wp\/v2\/media\/11742"}],"wp:attachment":[{"href":"https:\/\/migracion.becal.gov.py\/v2\/wp-json\/wp\/v2\/media?parent=11741"}],"wp:term":[{"taxonomy":"category","embeddable":true,"href":"https:\/\/migracion.becal.gov.py\/v2\/wp-json\/wp\/v2\/categories?post=11741"},{"taxonomy":"post_tag","embeddable":true,"href":"https:\/\/migracion.becal.gov.py\/v2\/wp-json\/wp\/v2\/tags?post=11741"}],"curies":[{"name":"wp","href":"https:\/\/api.w.org\/{rel}","templated":true}]}}