{"id":11782,"date":"2020-08-05T20:40:13","date_gmt":"2020-08-05T20:40:13","guid":{"rendered":"https:\/\/becal.gov.py\/v2\/?p=5990"},"modified":"2023-03-01T21:45:12","modified_gmt":"2023-03-01T21:45:12","slug":"aviso-importante-para-becarios-as-de-la-tercera-convocatoria","status":"publish","type":"post","link":"https:\/\/migracion.becal.gov.py\/v2\/2020\/08\/05\/aviso-importante-para-becarios-as-de-la-tercera-convocatoria\/","title":{"rendered":"AVISO IMPORTANTE PARA BECARIOS\/AS DE LA TERCERA CONVOCATORIA"},"content":{"rendered":"<p style=\"text-align: right\">05\/08\/2020<\/p>\n<a href=\"https:\/\/migracion.becal.gov.py\/wp-content\/uploads\/2020\/05\/Logo-BECAL.jpg\"><img fetchpriority=\"high\" decoding=\"async\" class=\"aligncenter  wp-image-4978\" src=\"https:\/\/migracion.becal.gov.py\/wp-content\/uploads\/2020\/05\/Logo-BECAL.jpg\" alt=\"\" width=\"456\" height=\"199\"><\/a>\n\nSe\u00f1ores\/as becarios\/as de la Tercera Convocatoria:\n\nEn cumplimiento a las <strong>obligaciones de retorno y permanencia en el pa\u00eds<\/strong> (Ley 4758\/12), el Programa Nacional de Becas de Postgrado en el Exterior \u201cDon Carlos Antonio L\u00f3pez\u201d &#8211; BECAL, solicita ponerse al d\u00eda con la tarea de Retorno y Reinserci\u00f3n para el o los a\u00f1os pendientes que correspondan en el <a href=\"https:\/\/spi.conacyt.gov.py\/user\">Sistema de Postulaci\u00f3n a Instrumentos (SPI)<\/a>\n\nSe recomienda consultar los siguientes documentos disponibles en la p\u00e1gina web de BECAL:\n<ul>\n \t<li><a href=\"https:\/\/migracion.becal.gov.py\/wp-content\/uploads\/2019\/11\/gu%C3%ADa-retorno-becal-1.pdf\">Gu\u00eda de retorno<\/a><\/li>\n \t<li><a href=\"https:\/\/migracion.becal.gov.py\/wp-content\/uploads\/2020\/05\/MANUAL-DE-TAREA-DE-RETORNO-DEL-SPI_31-01-20.pdf\">Manual de uso SPI retorno<\/a><\/li>\n<\/ul>\n<strong>Tendr\u00e1n tiempo de completar sus tareas desde el 05 de agosto al 20 de agosto de 2020.<\/strong>\n\n<a href=\"https:\/\/migracion.becal.gov.py\/wp-content\/uploads\/2020\/08\/Tareas-Pendientes-Tercera-Convocatoria.xlsx\"><img decoding=\"async\" class=\"aligncenter size-full wp-image-5991\" src=\"https:\/\/migracion.becal.gov.py\/wp-content\/uploads\/2020\/08\/tareaspendientes_tercera.png\" alt=\"\" width=\"1313\" height=\"428\"><\/a>\n\nEn caso de <strong>no cumplir<\/strong> con lo dispuesto, el legajo del becario ser\u00e1 elevado al <strong>\u00c1rea Legal del Programa<\/strong> e iniciar\u00e1 las <strong>acciones legales<\/strong> para dar cumplimiento a lo estipulado en el contrato.\n\n<strong>Consultas:\n<\/strong>Tel\u00e9fono: (+595 21) 440 007\nCorreo electr\u00f3nico: becal_retorno@hacienda.gov.py<p>[learn_press_profile]<\/p>\n","protected":false},"excerpt":{"rendered":"<p>05\/08\/2020 Se\u00f1ores\/as becarios\/as de la Tercera Convocatoria: En cumplimiento a las obligaciones de retorno y permanencia en el pa\u00eds (Ley 4758\/12), el Programa Nacional de Becas de Postgrado en el Exterior \u201cDon Carlos Antonio L\u00f3pez\u201d &#8211; BECAL, solicita ponerse al d\u00eda con la tarea de [&hellip;]<\/p>\n","protected":false},"author":1,"featured_media":11783,"comment_status":"closed","ping_status":"closed","sticky":false,"template":"","format":"standard","meta":{"footnotes":""},"categories":[96],"tags":[],"class_list":["post-11782","post","type-post","status-publish","format-standard","has-post-thumbnail","hentry","category-tareas-de-retorno"],"_links":{"self":[{"href":"https:\/\/migracion.becal.gov.py\/v2\/wp-json\/wp\/v2\/posts\/11782","targetHints":{"allow":["GET"]}}],"collection":[{"href":"https:\/\/migracion.becal.gov.py\/v2\/wp-json\/wp\/v2\/posts"}],"about":[{"href":"https:\/\/migracion.becal.gov.py\/v2\/wp-json\/wp\/v2\/types\/post"}],"author":[{"embeddable":true,"href":"https:\/\/migracion.becal.gov.py\/v2\/wp-json\/wp\/v2\/users\/1"}],"replies":[{"embeddable":true,"href":"https:\/\/migracion.becal.gov.py\/v2\/wp-json\/wp\/v2\/comments?post=11782"}],"version-history":[{"count":1,"href":"https:\/\/migracion.becal.gov.py\/v2\/wp-json\/wp\/v2\/posts\/11782\/revisions"}],"predecessor-version":[{"id":16215,"href":"https:\/\/migracion.becal.gov.py\/v2\/wp-json\/wp\/v2\/posts\/11782\/revisions\/16215"}],"wp:featuredmedia":[{"embeddable":true,"href":"https:\/\/migracion.becal.gov.py\/v2\/wp-json\/wp\/v2\/media\/11783"}],"wp:attachment":[{"href":"https:\/\/migracion.becal.gov.py\/v2\/wp-json\/wp\/v2\/media?parent=11782"}],"wp:term":[{"taxonomy":"category","embeddable":true,"href":"https:\/\/migracion.becal.gov.py\/v2\/wp-json\/wp\/v2\/categories?post=11782"},{"taxonomy":"post_tag","embeddable":true,"href":"https:\/\/migracion.becal.gov.py\/v2\/wp-json\/wp\/v2\/tags?post=11782"}],"curies":[{"name":"wp","href":"https:\/\/api.w.org\/{rel}","templated":true}]}}