{"id":11853,"date":"2020-07-28T20:33:54","date_gmt":"2020-07-28T20:33:54","guid":{"rendered":"https:\/\/becal.gov.py\/v2\/?p=5932"},"modified":"2023-03-01T19:10:39","modified_gmt":"2023-03-01T19:10:39","slug":"medicos-y-enfermeras-inician-sus-practicas-de-capacitacion-en-terapia-intensiva-el-proximo-lunes","status":"publish","type":"post","link":"https:\/\/migracion.becal.gov.py\/v2\/2020\/07\/28\/medicos-y-enfermeras-inician-sus-practicas-de-capacitacion-en-terapia-intensiva-el-proximo-lunes\/","title":{"rendered":"M\u00e9dicos y enfermeras inician sus pr\u00e1cticas de capacitaci\u00f3n en terapia intensiva el pr\u00f3ximo lunes"},"content":{"rendered":"<p style=\"text-align: right\">28\/07\/2020<\/p>\n<a href=\"https:\/\/migracion.becal.gov.py\/wp-content\/uploads\/2020\/07\/Salud_3.png\"><img fetchpriority=\"high\" decoding=\"async\" class=\" wp-image-5934 aligncenter\" src=\"https:\/\/migracion.becal.gov.py\/wp-content\/uploads\/2020\/07\/Salud_3-300x226.png\" alt=\"\" width=\"522\" height=\"393\"><\/a>\n\nEl primer grupo de profesionales m\u00e9dicos y de enfermer\u00eda no intensivistas iniciar\u00e1 el lunes 3 de agosto sus pr\u00e1cticas presenciales correspondientes a la capacitaci\u00f3n para el manejo de pacientes con COVID-19 en el \u00e1mbito de terapia intensiva.\n\nEl grupo de 272 profesionales m\u00e9dicos que culmin\u00f3 la etapa de clases te\u00f3ricas- virtuales, realizar\u00e1 el entrenamiento en la sede del INS que ya cuenta con el equipamiento integral para las Estaciones de Simulaci\u00f3n y con los instrumentales que el personal de blanco necesita para culminar el proceso de formaci\u00f3n.\n\nPara ello, deben pasar por 6 estaciones, tales como: colocaci\u00f3n correcta de equipos de protecci\u00f3n individual, como intubar y manejar a un paciente en terapia intensiva, reanimaci\u00f3n cardiovascular, complicaciones de pacientes (paro o shock cardiorrespiratorio), utilizaci\u00f3n correcta de respiradores.\n\nLos m\u00e9dicos capacitados, est\u00e1n divididos a su vez en peque\u00f1os grupos de 5, atendiendo la necesidad de cuidar los protocolos sanitarios y cumplir estrictamente los requerimientos de formaci\u00f3n profesional. Igual procedimiento, se realizar\u00e1 con el personal de enfermer\u00eda que hasta el momento son 958 los que est\u00e1n en calidad de pasar a la etapa final.\n\n<a href=\"https:\/\/migracion.becal.gov.py\/wp-content\/uploads\/2020\/07\/WhatsApp-Image-2020-07-28-at-14.29.54-1.jpeg\"><img decoding=\"async\" class=\" wp-image-5935 aligncenter\" src=\"https:\/\/migracion.becal.gov.py\/wp-content\/uploads\/2020\/07\/WhatsApp-Image-2020-07-28-at-14.29.54-1-300x200.jpeg\" alt=\"\" width=\"395\" height=\"263\"><\/a>\n\nCabe resaltar que, todos los estudiantes profesionales recibir\u00e1n la informaci\u00f3n respectiva en sus correos electr\u00f3nicos.\n\nEn total, ser\u00e1n unos 300 m\u00e9dicos y 1200 enfermeros que estar\u00e1n listos a finales de agosto para acompa\u00f1ar a los terapistas en sus respectivas labores, especialmente para la atenci\u00f3n de pacientes con COVID-19.\n\nEsta capacitaci\u00f3n es llevada a cabo en el marco del plan de respuesta nacional, a trav\u00e9s del Instituto Nacional de Salud (INS) y el Programa Nacional de Becas de Posgrado en el Exterior \u201cDon Carlos Antonio L\u00f3pez\u201d (BECAL), a trav\u00e9s de la fuente de financiaci\u00f3n del Banco Interamericano de Desarrollo (BID).<p>[learn_press_profile]<\/p>\n","protected":false},"excerpt":{"rendered":"<p>28\/07\/2020 El primer grupo de profesionales m\u00e9dicos y de enfermer\u00eda no intensivistas iniciar\u00e1 el lunes 3 de agosto sus pr\u00e1cticas presenciales correspondientes a la capacitaci\u00f3n para el manejo de pacientes con COVID-19 en el \u00e1mbito de terapia intensiva. El grupo de 272 profesionales m\u00e9dicos que [&hellip;]<\/p>\n","protected":false},"author":1,"featured_media":11856,"comment_status":"closed","ping_status":"closed","sticky":false,"template":"","format":"standard","meta":{"footnotes":""},"categories":[85],"tags":[],"class_list":["post-11853","post","type-post","status-publish","format-standard","has-post-thumbnail","hentry","category-convocatorias"],"_links":{"self":[{"href":"https:\/\/migracion.becal.gov.py\/v2\/wp-json\/wp\/v2\/posts\/11853","targetHints":{"allow":["GET"]}}],"collection":[{"href":"https:\/\/migracion.becal.gov.py\/v2\/wp-json\/wp\/v2\/posts"}],"about":[{"href":"https:\/\/migracion.becal.gov.py\/v2\/wp-json\/wp\/v2\/types\/post"}],"author":[{"embeddable":true,"href":"https:\/\/migracion.becal.gov.py\/v2\/wp-json\/wp\/v2\/users\/1"}],"replies":[{"embeddable":true,"href":"https:\/\/migracion.becal.gov.py\/v2\/wp-json\/wp\/v2\/comments?post=11853"}],"version-history":[{"count":1,"href":"https:\/\/migracion.becal.gov.py\/v2\/wp-json\/wp\/v2\/posts\/11853\/revisions"}],"predecessor-version":[{"id":16156,"href":"https:\/\/migracion.becal.gov.py\/v2\/wp-json\/wp\/v2\/posts\/11853\/revisions\/16156"}],"wp:featuredmedia":[{"embeddable":true,"href":"https:\/\/migracion.becal.gov.py\/v2\/wp-json\/wp\/v2\/media\/11856"}],"wp:attachment":[{"href":"https:\/\/migracion.becal.gov.py\/v2\/wp-json\/wp\/v2\/media?parent=11853"}],"wp:term":[{"taxonomy":"category","embeddable":true,"href":"https:\/\/migracion.becal.gov.py\/v2\/wp-json\/wp\/v2\/categories?post=11853"},{"taxonomy":"post_tag","embeddable":true,"href":"https:\/\/migracion.becal.gov.py\/v2\/wp-json\/wp\/v2\/tags?post=11853"}],"curies":[{"name":"wp","href":"https:\/\/api.w.org\/{rel}","templated":true}]}}