{"id":11950,"date":"2020-04-15T15:51:22","date_gmt":"2020-04-15T15:51:22","guid":{"rendered":"https:\/\/becal.gov.py\/v2\/?p=4735"},"modified":"2023-03-02T23:02:17","modified_gmt":"2023-03-02T23:02:17","slug":"ya-esta-en-vigencia-la-postulacion-online-a-las-becas-de-capacitacion-para-profesionales-medicos-y-de-enfermeria-para-el-manejo-de-pacientes-con-covid-19-en-el-ambito-de-terapia-intensiva","status":"publish","type":"post","link":"https:\/\/migracion.becal.gov.py\/v2\/2020\/04\/15\/ya-esta-en-vigencia-la-postulacion-online-a-las-becas-de-capacitacion-para-profesionales-medicos-y-de-enfermeria-para-el-manejo-de-pacientes-con-covid-19-en-el-ambito-de-terapia-intensiva\/","title":{"rendered":"Ya est\u00e1 en vigencia la postulaci\u00f3n online a las becas de capacitaci\u00f3n para profesionales m\u00e9dicos y de enfermer\u00eda para el manejo de pacientes con Covid-19 en el \u00e1mbito de Terapia Intensiva"},"content":{"rendered":"\n<p class=\"has-text-align-right\">15\/04\/2020<\/p>\n\n\n\n<figure class=\"wp-block-gallery columns-1 is-cropped wp-block-gallery-1 is-layout-flex wp-block-gallery-is-layout-flex\"><ul class=\"blocks-gallery-grid\"><li class=\"blocks-gallery-item\"><figure><img decoding=\"async\" src=\"https:\/\/migracion.becal.gov.py\/wp-content\/uploads\/2020\/04\/WhatsApp-Image-2020-04-14-at-17.37.56-1024x682.jpeg\" alt=\"\" data-id=\"4736\" data-full-url=\"https:\/\/migracion.becal.gov.py\/wp-content\/uploads\/2020\/04\/WhatsApp-Image-2020-04-14-at-17.37.56.jpeg\" data-link=\"https:\/\/migracion.becal.gov.py\/?attachment_id=4736\" class=\"wp-image-4736\" \/><\/figure><\/li><\/ul><figcaption class=\"blocks-gallery-caption\">(Momento del Lanzamiento de las Becas de Capacitaci\u00f3n para los profesionales de blanco  para el \u00e1rea de Terapia Intensiva &#8211; COVID19)<\/figcaption><\/figure>\n\n\n\n<p><\/p>\n\n\n\n<p><\/p>\n\n\n\n<p>Qued\u00f3 habilitada la plataforma online para\nque profesionales del \u00e1rea de salud\npuedan capacitarse para la atenci\u00f3n de pacientes en el \u00e1rea de terapia\nintensiva, <strong>con el objetivo de sumar esfuerzos en la lucha contra el\ncoronavirus (Covid-19). <\/strong><\/p>\n\n\n\n<p>El inicio de dichas capacitaciones est\u00e1\nprevisto para el 27 de abril con el primer grupo de profesionales. Las plazas\ndisponibles son de 500 para Profesionales M\u00e9dicos y 1500 para Profesionales de Enfermer\u00eda.<\/p>\n\n\n\n<p>La postulaci\u00f3n ser\u00e1 \u00fanicamente online, accediendo al link <strong>https:\/\/spi.conacyt.gov.py<\/strong> &nbsp;y se podr\u00e1 completar el formulario hasta el <strong>domingo 19 de abril.<\/strong><\/p>\n\n\n\n<figure class=\"wp-block-gallery columns-1 is-cropped wp-block-gallery-2 is-layout-flex wp-block-gallery-is-layout-flex\"><ul class=\"blocks-gallery-grid\"><li class=\"blocks-gallery-item\"><figure><img decoding=\"async\" src=\"https:\/\/migracion.becal.gov.py\/wp-content\/uploads\/2020\/04\/WhatsApp-Image-2020-04-14-at-08.58.39-2-1-1024x702.jpeg\" alt=\"\" data-id=\"4737\" data-full-url=\"https:\/\/migracion.becal.gov.py\/wp-content\/uploads\/2020\/04\/WhatsApp-Image-2020-04-14-at-08.58.39-2-1.jpeg\" data-link=\"https:\/\/migracion.becal.gov.py\/?attachment_id=4737\" class=\"wp-image-4737\" \/><\/figure><\/li><\/ul><\/figure>\n\n\n\n<p>Es importante que el postulante lea detenidamente el contenido de la Gu\u00eda de Bases y Condiciones (GBC) que ya se encuentra disponible desde el d\u00eda martes 14 del presente mes en la web de BECAL <strong>(https:\/\/migracion.becal.gov.py)<\/strong>&nbsp;y del Instituto Nacional de la Salud (INS), dependiente del MSPyBS <strong>(https:\/\/www.ins.gov.py)<\/strong> . Este documento en formato PDF, que establece las condiciones y los requisitos, puede ser le\u00eddo en versi\u00f3n online y tambi\u00e9n puede ser descargado.<\/p>\n\n\n\n<p> Cabe resaltar, que el Programa de Becas de Postgrado en el Exterior \u201cDon Carlos Antonio L\u00f3pez\u201d \u2013 BECAL, apoyar\u00e1 al Ministerio de Salud para la formaci\u00f3n de capital humano de los profesionales de blanco, para cursos, m\u00f3dulos, especializaciones locales y\/o internacionales, cubriendo la totalidad de las capacitaciones, a trav\u00e9s de fondos adquiridos de un pr\u00e9stamo entre el Programa y el BID. <\/p>\n\n\n\n<p>Las clases ser\u00e1n de forma online por dos\nsemanas, m\u00e1s una semana de pr\u00e1cticas en el Instituto Nacional de Salud, bajo la\nsupervisi\u00f3n de profesionales.<\/p>\n\n\n\n<ul class=\"wp-block-list\"><li><strong>Clases\nTe\u00f3rico-Pr\u00e1cticas Virtuales:<\/strong> ser\u00e1n impartidas utilizando las plataformas\nZOOM y MOODLE. Esta etapa tendr\u00e1 una duraci\u00f3n de <strong>2 (dos) semanas<\/strong>. <\/li><\/ul>\n\n\n\n<ul class=\"wp-block-list\"><li><strong>Pr\u00e1cticas Presenciales en Sala de Simulaci\u00f3n:<\/strong> se realizar\u00e1n en el INS, que tendr\u00e1 instalados los equipos necesarios. Esta etapa tendr\u00e1 una duraci\u00f3n de <strong>1 (una) semana. <\/strong><\/li><\/ul>\n\n\n\n<p><strong>C\u00f3mo\npostular<\/strong><strong>:\n&nbsp;<\/strong><\/p>\n\n\n\n<ul class=\"wp-block-list\"><li>Ingresar a la plataforma del SPI con su direcci\u00f3n de correo y clave generada para el efecto. <\/li><li>Ingresar a la Convocatoria<strong> \u201cCAPACITACION PARA PROFESIONALES M\u00c9DICOS Y DE ENFERMER\u00cdA NO INTENSIVISTAS EN EL MANEJO DE PACIENTES CON COVID-19 EN EL \u00c1MBITO DE TERAPIA INTENSIVA\u201d<\/strong> <\/li><li>Completar los datos requeridos en el formulario y adjuntar los documentos que se detallan a continuaci\u00f3n: <\/li><\/ul>\n\n\n\n<p><strong>Profesionales\nM\u00e9dicos:<\/strong><\/p>\n\n\n\n<ul class=\"wp-block-list\"><li>Completar\nel formulario de postulaci\u00f3n en el SPI en car\u00e1cter de declaraci\u00f3n jurada, en el\ncual se expresa la conformidad con lo dispuesto en la GBC.<\/li><li>Presentar\ncopia del Registro Profesional vigente de las siguientes Especialidades:<\/li><\/ul>\n\n\n\n<ul class=\"wp-block-list\"><li>Medicina Interna<\/li><li>Medicina Familiar<\/li><li>Neumolog\u00eda<\/li><li>Medicina Cr\u00edtica\nPedi\u00e1trica<\/li><li>Anestesiolog\u00eda<\/li><li>Cirug\u00eda de Trauma<\/li><li>Emergentolog\u00eda Adultos\ny Pedi\u00e1trica<\/li><\/ul>\n\n\n\n<p>Los profesionales de las Especialidades\nse\u00f1aladas que no cuenten con el Registro de Especialista, deber\u00e1n presentar:<\/p>\n\n\n\n<ul class=\"wp-block-list\"><li>Copia del T\u00edtulo de\nEspecialista; o,<\/li><li>Copia de la\nCertificaci\u00f3n de la Sociedad Cient\u00edfica correspondiente.<\/li><\/ul>\n\n\n\n<p><strong>Profesionales\nde Enfermer\u00eda:<\/strong><\/p>\n\n\n\n<ul class=\"wp-block-list\"><li>Completar\nel formulario de postulaci\u00f3n en el SPI en car\u00e1cter de declaraci\u00f3n jurada, en el\ncual se expresa la conformidad con lo dispuesto en la GBC.<\/li><\/ul>\n\n\n\n<ul class=\"wp-block-list\"><li>Presentar\ncopia del Registro Profesional. <\/li><\/ul>\n\n\n\n<ul class=\"wp-block-list\"><li>Situaciones\nno contempladas en la presente Gu\u00eda podr\u00e1n ser analizadas por el Consejo\nConsultivo permanente.<\/li><\/ul>\n\n\n\n<p><strong>Obs: La convocatoria est\u00e1 igualmente abierta a Profesionales de M\u00e9dicos y de Enfermer\u00eda extranjeros y \/ o jubilados.<\/strong><\/p>\n\n\n\n<p><strong>Programa para Profesionales M\u00e9dicos no\nIntensivistas<\/strong><strong> <\/strong><\/p>\n\n\n\n<ul class=\"wp-block-list\"><li>Se\nprev\u00e9 realizar la capacitaci\u00f3n en forma intensiva en 3 (tres) semanas con un\nformato <strong>Te\u00f3rico-Pr\u00e1ctico Virtual en la plataforma ZOOM con 8 (ocho) sesiones\nde lunes a viernes, completando las 46 (cuarenta y seis) horas de capacitaci\u00f3n\nvirtual te\u00f3rico-pr\u00e1ctico previstas en este formato, en 2 (semanas).<\/strong><\/li><\/ul>\n\n\n\n<ul class=\"wp-block-list\"><li><strong>Las Pr\u00e1cticas Presenciales en Sala de Simulaci\u00f3n<\/strong> se realizar\u00e1n en el\nINS. Estas pr\u00e1cticas est\u00e1n previstas realizarlas en <strong>04 (cuatro) sesiones de\n3 (tres) horas por sesi\u00f3n de lunes a viernes<\/strong>, se completan <strong>12 (doce)\nhoras en 1 (semana).<\/strong> <\/li><\/ul>\n\n\n\n<p><strong>Programa para Profesionales de Enfermer\u00eda no Intensivistas&nbsp; <\/strong> <\/p>\n\n\n\n<ul class=\"wp-block-list\"><li>Se prev\u00e9 realizar la capacitaci\u00f3n en forma intensiva con un formato <strong>Te\u00f3rico-Pr\u00e1ctico Virtual con 10 (diez) sesiones de 5 (cinco) horas por sesi\u00f3n de lunes a s\u00e1bado. Ser\u00e1n completadas las 50 (cincuenta) horas en 2 (semanas).<\/strong><\/li><\/ul>\n\n\n\n<ul class=\"wp-block-list\"><li><strong>Las Pr\u00e1cticas Presenciales en Sala de Simulaci\u00f3n<\/strong> se realizar\u00e1n en el Instituto Nacional de Salud. Est\u00e1n previstas realizarlas en <strong>06 (seis) sesiones<\/strong> de <strong>5 (cinco) horas<\/strong> por sesi\u00f3n de lunes a s\u00e1bado. Ser\u00e1n completadas <strong>30 (treinta) horas<\/strong> en <strong>1 (semana).<\/strong> <\/li><\/ul>\n<p>[learn_press_profile]<\/p>\n","protected":false},"excerpt":{"rendered":"<p>15\/04\/2020 Qued\u00f3 habilitada la plataforma online para que profesionales del \u00e1rea de salud puedan capacitarse para la atenci\u00f3n de pacientes en el \u00e1rea de terapia intensiva, con el objetivo de sumar esfuerzos en la lucha contra el coronavirus (Covid-19). El inicio de dichas capacitaciones est\u00e1 [&hellip;]<\/p>\n","protected":false},"author":1,"featured_media":11951,"comment_status":"closed","ping_status":"closed","sticky":false,"template":"","format":"standard","meta":{"footnotes":""},"categories":[86,83,85],"tags":[],"class_list":["post-11950","post","type-post","status-publish","format-standard","has-post-thumbnail","hentry","category-acuerdos","category-alianzas","category-convocatorias"],"_links":{"self":[{"href":"https:\/\/migracion.becal.gov.py\/v2\/wp-json\/wp\/v2\/posts\/11950","targetHints":{"allow":["GET"]}}],"collection":[{"href":"https:\/\/migracion.becal.gov.py\/v2\/wp-json\/wp\/v2\/posts"}],"about":[{"href":"https:\/\/migracion.becal.gov.py\/v2\/wp-json\/wp\/v2\/types\/post"}],"author":[{"embeddable":true,"href":"https:\/\/migracion.becal.gov.py\/v2\/wp-json\/wp\/v2\/users\/1"}],"replies":[{"embeddable":true,"href":"https:\/\/migracion.becal.gov.py\/v2\/wp-json\/wp\/v2\/comments?post=11950"}],"version-history":[{"count":1,"href":"https:\/\/migracion.becal.gov.py\/v2\/wp-json\/wp\/v2\/posts\/11950\/revisions"}],"predecessor-version":[{"id":16528,"href":"https:\/\/migracion.becal.gov.py\/v2\/wp-json\/wp\/v2\/posts\/11950\/revisions\/16528"}],"wp:featuredmedia":[{"embeddable":true,"href":"https:\/\/migracion.becal.gov.py\/v2\/wp-json\/wp\/v2\/media\/11951"}],"wp:attachment":[{"href":"https:\/\/migracion.becal.gov.py\/v2\/wp-json\/wp\/v2\/media?parent=11950"}],"wp:term":[{"taxonomy":"category","embeddable":true,"href":"https:\/\/migracion.becal.gov.py\/v2\/wp-json\/wp\/v2\/categories?post=11950"},{"taxonomy":"post_tag","embeddable":true,"href":"https:\/\/migracion.becal.gov.py\/v2\/wp-json\/wp\/v2\/tags?post=11950"}],"curies":[{"name":"wp","href":"https:\/\/api.w.org\/{rel}","templated":true}]}}