{"id":12047,"date":"2020-02-24T21:57:41","date_gmt":"2020-02-24T21:57:41","guid":{"rendered":"https:\/\/becal.gov.py\/v2\/?p=4530"},"modified":"2023-03-03T20:37:02","modified_gmt":"2023-03-03T20:37:02","slug":"becal-presenta-sus-nuevas-becas-como-parte-de-la-primera-convocatoria-2020","status":"publish","type":"post","link":"https:\/\/migracion.becal.gov.py\/v2\/2020\/02\/24\/becal-presenta-sus-nuevas-becas-como-parte-de-la-primera-convocatoria-2020\/","title":{"rendered":"BECAL presenta sus nuevas becas como parte de la Primera Convocatoria 2020"},"content":{"rendered":"\n<p class=\"has-text-align-right\">24\/02\/2020<\/p>\n\n\n\n<p> IMPORTANTE: El Sistema de Postulaci\u00f3n a Instrumentos (SPI) del CONACYT entrar\u00e1 en vigencia entre el 9 y 15 de marzo del presente a\u00f1o, por tal motivo se recomienda la lectura completa de la Gu\u00eda de Bases y Condiciones de la beca de inter\u00e9s y re\u00fana as\u00ed los requisitos para tenerlos al momento de la puesta en l\u00ednea del SPI.  <\/p>\n\n\n\n<figure class=\"wp-block-image size-large\"><img decoding=\"async\" src=\"https:\/\/migracion.becal.gov.py\/wp-content\/uploads\/2020\/03\/WhatsApp-Image-2020-03-02-at-11.27.33-1-1-1024x538.jpeg\" alt=\"\" class=\"wp-image-4595\" \/><\/figure>\n\n\n\n<p>El mi\u00e9rcoles 25 de febrero a las 08:00 horas, en el Sal\u00f3n Abierto del Ministerio de Hacienda, autoridades del Programa Nacional de Becas de Postgrado en el Exterior \u201cDon Carlos Antonio L\u00f3pez\u201d, dar\u00e1n a conocer las Gu\u00edas de Bases y Condiciones de los tipos siguientes de becas:<\/p>\n\n\n\n<ul class=\"wp-block-list\"><li>10ma. Convocatoria Autogestionada de Becas para Maestr\u00edas y Doctorados<\/li><\/ul>\n\n\n\n<ul class=\"wp-block-list\"><li>3ra. Convocatoria de Intercambio Internacional a Nivel de Grado Autogestionada<\/li><\/ul>\n\n\n\n<ul class=\"wp-block-list\"><li>3era. Convocatoria de Formaci\u00f3n en Idiomas Extranjeros <\/li><\/ul>\n\n\n\n<ul class=\"wp-block-list\"><li>4ta. Convocatoria para Postdoctorados<\/li><\/ul>\n\n\n\n<p>Cabe destacar que, los programas disponibles son para maestr\u00edas, doctorados y postdoctorados en el exterior, con enfoque en las \u00e1reas de ciencia, tecnolog\u00eda, innovaci\u00f3n, educaci\u00f3n e investigaci\u00f3n. <\/p>\n\n\n\n<p>En tanto que, las becas de intercambio internacional a nivel de grado autogestionada, son para aquellos estudiantes que est\u00e9n cursando desde el 2do. a\u00f1o de su carrera universitaria, con el objetivo de brindar al joven un semestre acad\u00e9mico en universidades internacionales, posibilitando ampliar horizontes y proyecciones en la experiencia acad\u00e9mica.<\/p>\n\n\n\n<figure class=\"wp-block-image size-large\"><img decoding=\"async\" src=\"https:\/\/migracion.becal.gov.py\/wp-content\/uploads\/2020\/02\/2-1024x538.jpeg\" alt=\"\" class=\"wp-image-4532\" \/><\/figure>\n\n\n\n<p>La beca de formaci\u00f3n\nen idiomas extranjeros, va dirigida a estudiantes universitarios que precisen\nmejorar su proficiencia ling\u00fc\u00edstica con fines acad\u00e9micos para que puedan\npostular universidades extranjeras. Cabe se\u00f1alar que la inversi\u00f3n total en las\nbecas, es de&nbsp;<strong>5.460.000\n<\/strong>d\u00f3lares estadounidenses.<\/p>\n\n\n\n<p><strong>Cantidades de becas a otorgar\nseg\u00fan tipo<\/strong><\/p>\n\n\n\n<ul class=\"wp-block-list\"><li>Doctorado en CTI: <strong>26<\/strong><\/li><li>Maestr\u00eda en CTI:&nbsp;<strong>16<\/strong><\/li><li>Doctorado en Educaci\u00f3n y\/o gesti\u00f3n educativa:&nbsp;<strong>7<\/strong><\/li><li>Maestr\u00eda en educaci\u00f3n y\/o gesti\u00f3n educativa:&nbsp;<strong>20<\/strong><\/li><li>Postdoctorado\/ Estancias cortas:&nbsp;<strong>14<\/strong><\/li><li>Intercambio Estudiantil Internacional a Nivel De Grado\nAutogestionada:&nbsp;<strong>20<\/strong><\/li><li>Cursos de Idiomas Extranjeros en el Paraguay:&nbsp;<strong>100 cupos<\/strong><\/li><\/ul>\n\n\n\n<p> Para m\u00e1s detalles, de las respectivas Gu\u00edas de Bases y Condiciones (GBC), de las diferentes becas, los interesados\/as podr\u00e1n acceder luego de la presentaci\u00f3n de las mismas, ingresando a nuestra p\u00e1gina web: www.becal.gov.py y en el bot\u00f3n del men\u00fa \u00abBECAS\u00bb y luego \u00abCONVOCATORIAS\u00bb. Tambi\u00e9n podr\u00e1n llamar al n\u00famero telef\u00f3nico de la oficina de BECAL: +595-21 440007. <\/p>\n<p>[learn_press_profile]<\/p>\n","protected":false},"excerpt":{"rendered":"<p>24\/02\/2020 IMPORTANTE: El Sistema de Postulaci\u00f3n a Instrumentos (SPI) del CONACYT entrar\u00e1 en vigencia entre el 9 y 15 de marzo del presente a\u00f1o, por tal motivo se recomienda la lectura completa de la Gu\u00eda de Bases y Condiciones de la beca de inter\u00e9s y [&hellip;]<\/p>\n","protected":false},"author":1,"featured_media":12049,"comment_status":"closed","ping_status":"closed","sticky":false,"template":"","format":"standard","meta":{"footnotes":""},"categories":[85],"tags":[],"class_list":["post-12047","post","type-post","status-publish","format-standard","has-post-thumbnail","hentry","category-convocatorias"],"_links":{"self":[{"href":"https:\/\/migracion.becal.gov.py\/v2\/wp-json\/wp\/v2\/posts\/12047","targetHints":{"allow":["GET"]}}],"collection":[{"href":"https:\/\/migracion.becal.gov.py\/v2\/wp-json\/wp\/v2\/posts"}],"about":[{"href":"https:\/\/migracion.becal.gov.py\/v2\/wp-json\/wp\/v2\/types\/post"}],"author":[{"embeddable":true,"href":"https:\/\/migracion.becal.gov.py\/v2\/wp-json\/wp\/v2\/users\/1"}],"replies":[{"embeddable":true,"href":"https:\/\/migracion.becal.gov.py\/v2\/wp-json\/wp\/v2\/comments?post=12047"}],"version-history":[{"count":1,"href":"https:\/\/migracion.becal.gov.py\/v2\/wp-json\/wp\/v2\/posts\/12047\/revisions"}],"predecessor-version":[{"id":16667,"href":"https:\/\/migracion.becal.gov.py\/v2\/wp-json\/wp\/v2\/posts\/12047\/revisions\/16667"}],"wp:featuredmedia":[{"embeddable":true,"href":"https:\/\/migracion.becal.gov.py\/v2\/wp-json\/wp\/v2\/media\/12049"}],"wp:attachment":[{"href":"https:\/\/migracion.becal.gov.py\/v2\/wp-json\/wp\/v2\/media?parent=12047"}],"wp:term":[{"taxonomy":"category","embeddable":true,"href":"https:\/\/migracion.becal.gov.py\/v2\/wp-json\/wp\/v2\/categories?post=12047"},{"taxonomy":"post_tag","embeddable":true,"href":"https:\/\/migracion.becal.gov.py\/v2\/wp-json\/wp\/v2\/tags?post=12047"}],"curies":[{"name":"wp","href":"https:\/\/api.w.org\/{rel}","templated":true}]}}