{"id":12075,"date":"2019-12-13T18:27:37","date_gmt":"2019-12-13T18:27:37","guid":{"rendered":"https:\/\/becal.gov.py\/v2\/?p=4255"},"modified":"2023-03-03T02:10:30","modified_gmt":"2023-03-03T02:10:30","slug":"becal-da-a-conocer-lista-de-preseleccionados-de-la-9na-convocatoria-autogestionada-de-becas-y-la-de-intercambio-internacional-a-nivel-de-grado-autogestionada","status":"publish","type":"post","link":"https:\/\/migracion.becal.gov.py\/v2\/2019\/12\/13\/becal-da-a-conocer-lista-de-preseleccionados-de-la-9na-convocatoria-autogestionada-de-becas-y-la-de-intercambio-internacional-a-nivel-de-grado-autogestionada\/","title":{"rendered":"BECAL da a conocer Lista de Preseleccionados de la 9na. Convocatoria Autogestionada, Intercambio Internacional a Nivel de Grado \u2013 Autogestionada y la de Postdoctorado"},"content":{"rendered":"\n<p class=\"has-text-align-right\">13\/12\/19<\/p>\n\n\n\n<figure class=\"wp-block-image size-large\"><img decoding=\"async\" src=\"https:\/\/migracion.becal.gov.py\/wp-content\/uploads\/2019\/12\/Logo-BECAL.jpg\" alt=\"\" class=\"wp-image-4256\" \/><\/figure>\n\n\n\n<p>El Programa Nacional de Becas de Postgrado en el Exterior Don Carlos Antonio L\u00f3pez (BECAL), ha concluido la primera parte del proceso de evaluaci\u00f3n de postulaciones, de la 9na. Convocatoria Autogestionada de Becas para Maestr\u00edas y Doctorados;  del 2do. llamado a las Becas Autogestionadas de Intercambio Internacional a Nivel de Grado,  como as\u00ed tambi\u00e9n del 2do. llamado para las becas de Postdoctorados, que pasar\u00e1n a la fase de entrevistas en virtud al puntaje obtenido.<\/p>\n\n\n\n<p>Se trata de <strong>16 becas<\/strong> de Doctorado en Ciencia, tecnolog\u00eda e innovaci\u00f3n; <strong>2 becas<\/strong> de Doctorado en Educaci\u00f3n y\/o Gesti\u00f3n Educativa; <strong>16 becas<\/strong> para Maestr\u00edas en Ciencia, tecnolog\u00eda e innovaci\u00f3n; <strong>20 becas<\/strong> para Postdoctorado\/ Estancias cortas<strong> <\/strong>y <strong>11 becas<\/strong> para Maestr\u00edas en Educaci\u00f3n y\/o Gesti\u00f3n Educativa. As\u00ed tambi\u00e9n, otras <strong>15 becas<\/strong> para Intercambio Internacional a Nivel de Grado.<\/p>\n\n\n\n<p>A continuaci\u00f3n, la lista de estudiantes y profesionales universitarios preseleccionados, que superaron las etapas de admisibilidad, evaluaci\u00f3n documental y validaci\u00f3n, verificaci\u00f3n de puntajes. &nbsp;<\/p>\n\n\n\n<p><strong>PARA VISUALIZAR LA LISTA DE PRESELECCIONADOS DE CADA TIPO DE BECA hacer click sobre la primera imagen<\/strong><\/p>\n\n\n\n<p class=\"has-text-align-center\"><strong>MAESTR\u00cdA EN CTI<\/strong><\/p>\n\n\n\n<figure class=\"wp-block-image size-large\"><a href=\"https:\/\/migracion.becal.gov.py\/wp-content\/uploads\/2019\/12\/Preseleccionados-NOVENA.xlsx\"><img decoding=\"async\" src=\"https:\/\/migracion.becal.gov.py\/wp-content\/uploads\/2019\/12\/MAESTRIA-EN-CTI-JPEG-1-1024x519.jpg\" alt=\"\" class=\"wp-image-4270\" \/><\/a><\/figure>\n\n\n\n<p class=\"has-text-align-center\"><strong>MAESTR\u00cdA EN EDUCACI\u00d3N<\/strong><\/p>\n\n\n\n<figure class=\"wp-block-image size-large\"><img decoding=\"async\" src=\"https:\/\/migracion.becal.gov.py\/wp-content\/uploads\/2019\/12\/MAESTRIA-EN-CTI-JPEG-1024x519.jpg\" alt=\"\" class=\"wp-image-4257\" \/><\/figure>\n\n\n\n<p class=\"has-text-align-center\"><strong>DOCTORADO EN CTI<\/strong><\/p>\n\n\n\n<figure class=\"wp-block-image size-large\"><img decoding=\"async\" src=\"https:\/\/migracion.becal.gov.py\/wp-content\/uploads\/2019\/12\/DOCTORADO-EN-CTI-JPEG-1024x401.jpg\" alt=\"\" class=\"wp-image-4259\" \/><\/figure>\n\n\n\n<p class=\"has-text-align-center\"><strong>DOCTORADO EN EDUCACI\u00d3N<\/strong><\/p>\n\n\n\n<figure class=\"wp-block-image size-large\"><img decoding=\"async\" src=\"https:\/\/migracion.becal.gov.py\/wp-content\/uploads\/2019\/12\/DOCTORADO-EN-EDUCACI\u00d3N-JPEG-1024x273.jpg\" alt=\"\" class=\"wp-image-4260\" \/><\/figure>\n\n\n\n<p><strong>2da. CONVOCATORIA DE INTERCAMBIO ESTUDIANTIL INTERNACIONAL A NIVEL DE GRADO \u2013 AUTOGESTIONADA<\/strong>. <strong>PARA VISUALIZAR LA LISTA DE PRESELECCIONADOS  hacer click sobre la primera imagen<\/strong> <\/p>\n\n\n\n<figure class=\"wp-block-image size-large\"><a href=\"https:\/\/migracion.becal.gov.py\/wp-content\/uploads\/2019\/12\/Preseleccionados-MOVILIDAD-DE-GRADO-02.xlsx\"><img decoding=\"async\" src=\"https:\/\/migracion.becal.gov.py\/wp-content\/uploads\/2019\/12\/INTERCAMBIO-ESTUDIANTIL-A-NIVEL-DE-GRADO-INTERNACIONAL-SEGUNDA-CONVOCATORIA-1024x325.jpg\" alt=\"\" class=\"wp-image-4261\" \/><\/a><\/figure>\n\n\n\n<figure class=\"wp-block-image size-large\"><img decoding=\"async\" src=\"https:\/\/migracion.becal.gov.py\/wp-content\/uploads\/2019\/12\/INTERCAMBIO-ESTUDIANTIL-A-NIVEL-DE-GRADO-INTERNACIONAL-AUGM-1024x386.jpg\" alt=\"\" class=\"wp-image-4262\" \/><\/figure>\n\n\n\n<figure class=\"wp-block-image size-large\"><img decoding=\"async\" src=\"https:\/\/migracion.becal.gov.py\/wp-content\/uploads\/2019\/12\/INTERCAMBIO-ESTUDIANTIL-A-NIVEL-DE-GRADO-INTERNACIONAL-PAULO-FREIRE-1024x418.jpg\" alt=\"\" class=\"wp-image-4263\" \/><\/figure>\n\n\n\n<p class=\"has-text-align-center\"> <strong>2da. CONVOCATORIA PARA POSTDOCTORADOS<\/strong> &#8211;  <strong>PARA VISUALIZAR LA LISTA DE PRESELECCIONADOS  hacer click sobre la imagen<\/strong>  <\/p>\n\n\n\n<figure class=\"wp-block-image size-large\"><a href=\"https:\/\/migracion.becal.gov.py\/wp-content\/uploads\/2019\/12\/Preseleccionados-POSTDOCTORADO-03.xlsx\"><img decoding=\"async\" src=\"https:\/\/migracion.becal.gov.py\/wp-content\/uploads\/2019\/12\/CONVOCATORIA-POSTDOCTORADOS-EN-EL-EXTERIOR-JPEG-1024x299.jpg\" alt=\"\" class=\"wp-image-4264\" \/><\/a><\/figure>\n\n\n\n<p>La pr\u00f3xima etapa a seguir, es la serie de entrevistas a la que deben asistir los postulantes preseleccionados; las mismas inician a partir del 17 de diciembre de 2019. <\/p>\n\n\n\n<p>Los postulantes que no son llamados a entrevistas y\nconsideran que existe un error en su puntuaci\u00f3n &nbsp;pueden apelar enviando un\ncorreo electr\u00f3nico a:&nbsp;<a href=\"mailto:apelacionesbecasenelexterior@hacienda.gov.py\"><strong>apelacionesbecasenelexterior@hacienda.gov.py<\/strong><\/a>&nbsp;, desde el 13 de junio hasta el&nbsp;domingo\n22 de diciembre del presente a\u00f1o. Fuera de este plazo no ser\u00e1 recibida\nninguna apelaci\u00f3n. <\/p>\n\n\n\n<p>Recordamos que se podr\u00e1 aclarar la informaci\u00f3n con la documentaci\u00f3n proporcionada durante la postulaci\u00f3n, y sin posibilidad de agregar documentos diferentes a los incluidos en la postulaci\u00f3n del interesado.<\/p>\n\n\n\n<p><strong>CALENDARIO DE ENTREVISTAS<\/strong><\/p>\n\n\n\n<p> Las personas convocadas para la entrevista deber\u00e1n asistir con su documento de identidad, en el d\u00eda y horario que les fuera designado y tener en cuenta la puntualidad.  <\/p>\n\n\n\n<ul class=\"wp-block-list\"><li>17 de diciembre de 2019 \u2013 Sal\u00f3n Auditorio del Ministerio de Hacienda- Chile 252 c\/ Palma<\/li><\/ul>\n\n\n\n<figure class=\"wp-block-image size-large\"><img decoding=\"async\" src=\"https:\/\/migracion.becal.gov.py\/wp-content\/uploads\/2019\/12\/CALENDARIO-DE-ENTREVISTAS-MARTES-17-DE-DICIEMBRE-DE-2019-JPEG.jpg\" alt=\"\" class=\"wp-image-4266\" \/><\/figure>\n\n\n\n<ul class=\"wp-block-list\"><li>18 de diciembre de 2019 &#8211; Estrella 345 c\/ Chile 6to. Piso, Edificio Citicentro<\/li><\/ul>\n\n\n\n<div class=\"wp-block-image\"><figure class=\"aligncenter size-large\"><img decoding=\"async\" src=\"https:\/\/migracion.becal.gov.py\/wp-content\/uploads\/2019\/12\/CALENDARIO-DE-ENTREVISTAS-MI\u00c8RCOLES-18-DE-DICIEMBRE-DE-2019-JPEG.jpg\" alt=\"\" class=\"wp-image-4267\" \/><\/figure><\/div>\n\n\n\n<ul class=\"wp-block-list\"><li>19 de diciembre de 2019 &#8211; Sal\u00f3n Auditorio del Ministerio de Hacienda- Chile 252 c\/ Palma<\/li><\/ul>\n\n\n\n<div class=\"wp-block-image\"><figure class=\"aligncenter size-large\"><img decoding=\"async\" src=\"https:\/\/migracion.becal.gov.py\/wp-content\/uploads\/2019\/12\/CALENDARIO-DE-ENTREVISTAS-JUEVES-19-DE-DICIEMBRE-DE-2019-JPEG.jpg\" alt=\"\" class=\"wp-image-4268\" \/><\/figure><\/div>\n\n\n\n<ul class=\"wp-block-list\"><li>20 de diciembre de 2019 &#8211; Estrella 345 c\/ Chile 1er. Piso, Edificio Citicentro,  <strong>para los preseleccionados de las becas de postdoctorados en el exterior. Cada postulante preseleccionado recibir\u00e1 una comunicaci\u00f3n electr\u00f3nica de BECAL<\/strong><\/li><\/ul>\n\n\n\n<p>Las personas que no puedan asistir por encontrarse fuera del pa\u00eds favor escribir a <strong>Marlene Gonz\u00e1lez<\/strong>,&nbsp;<a href=\"mailto:marlene_gonzalez@hacienda.gov.py\">marlene_gonzalez@hacienda.gov.py<\/a>&nbsp;, para agendar la entrevistas por Skype, a m\u00e1s tardar el d\u00eda 15 de diciembre del 2019.<\/p>\n\n\n\n<p>Es importante se\u00f1alar que, la entrevista no punt\u00faa, sin embargo, puede excluir la postulaci\u00f3n (Ver Criterios de selecci\u00f3n en la GBC de cada tipo de beca ). En la misma, se corrobora la informaci\u00f3n proporcionada por el postulante, la coherencia entre el proyecto de vida, la trayectoria, vinculaci\u00f3n de la carrera con el PND 2030 y la pertinencia de su postulaci\u00f3n. <\/p>\n\n\n\n<p>Les recordamos que ante cualquier consulta pueden contactarse a la l\u00ednea <strong>(021) 440-007<\/strong> o bien remitir un correo electr\u00f3nico <a href=\"mailto:marlene_gonzalez@hacienda.gov.py\">marlene_gonzalez@hacienda.gov.py<\/a><\/p>\n<p>[learn_press_profile]<\/p>\n","protected":false},"excerpt":{"rendered":"<p>13\/12\/19 El Programa Nacional de Becas de Postgrado en el Exterior Don Carlos Antonio L\u00f3pez (BECAL), ha concluido la primera parte del proceso de evaluaci\u00f3n de postulaciones, de la 9na. Convocatoria Autogestionada de Becas para Maestr\u00edas y Doctorados; del 2do. llamado a las Becas Autogestionadas [&hellip;]<\/p>\n","protected":false},"author":1,"featured_media":12076,"comment_status":"closed","ping_status":"closed","sticky":false,"template":"","format":"standard","meta":{"footnotes":""},"categories":[85],"tags":[],"class_list":["post-12075","post","type-post","status-publish","format-standard","has-post-thumbnail","hentry","category-convocatorias"],"_links":{"self":[{"href":"https:\/\/migracion.becal.gov.py\/v2\/wp-json\/wp\/v2\/posts\/12075","targetHints":{"allow":["GET"]}}],"collection":[{"href":"https:\/\/migracion.becal.gov.py\/v2\/wp-json\/wp\/v2\/posts"}],"about":[{"href":"https:\/\/migracion.becal.gov.py\/v2\/wp-json\/wp\/v2\/types\/post"}],"author":[{"embeddable":true,"href":"https:\/\/migracion.becal.gov.py\/v2\/wp-json\/wp\/v2\/users\/1"}],"replies":[{"embeddable":true,"href":"https:\/\/migracion.becal.gov.py\/v2\/wp-json\/wp\/v2\/comments?post=12075"}],"version-history":[{"count":1,"href":"https:\/\/migracion.becal.gov.py\/v2\/wp-json\/wp\/v2\/posts\/12075\/revisions"}],"predecessor-version":[{"id":16561,"href":"https:\/\/migracion.becal.gov.py\/v2\/wp-json\/wp\/v2\/posts\/12075\/revisions\/16561"}],"wp:featuredmedia":[{"embeddable":true,"href":"https:\/\/migracion.becal.gov.py\/v2\/wp-json\/wp\/v2\/media\/12076"}],"wp:attachment":[{"href":"https:\/\/migracion.becal.gov.py\/v2\/wp-json\/wp\/v2\/media?parent=12075"}],"wp:term":[{"taxonomy":"category","embeddable":true,"href":"https:\/\/migracion.becal.gov.py\/v2\/wp-json\/wp\/v2\/categories?post=12075"},{"taxonomy":"post_tag","embeddable":true,"href":"https:\/\/migracion.becal.gov.py\/v2\/wp-json\/wp\/v2\/tags?post=12075"}],"curies":[{"name":"wp","href":"https:\/\/api.w.org\/{rel}","templated":true}]}}