{"id":12111,"date":"2019-12-02T15:14:02","date_gmt":"2019-12-02T15:14:02","guid":{"rendered":"https:\/\/becal.gov.py\/v2\/?p=4219"},"modified":"2023-03-02T23:16:54","modified_gmt":"2023-03-02T23:16:54","slug":"nueva-convocatoria-para-becas-de-doctorado-becal-en-francia","status":"publish","type":"post","link":"https:\/\/migracion.becal.gov.py\/v2\/2019\/12\/02\/nueva-convocatoria-para-becas-de-doctorado-becal-en-francia\/","title":{"rendered":"Nueva Convocatoria para Becas de Doctorado BECAL en Francia"},"content":{"rendered":"\n<p class=\"has-text-align-right\">02\/12\/19<\/p>\n\n\n\n<figure class=\"wp-block-image size-large\"><img decoding=\"async\" src=\"https:\/\/migracion.becal.gov.py\/wp-content\/uploads\/2019\/12\/8-1024x768.jpeg\" alt=\"\" class=\"wp-image-4220\" \/><\/figure>\n\n\n\n<figure class=\"wp-block-image size-large\"><img decoding=\"async\" src=\"https:\/\/migracion.becal.gov.py\/wp-content\/uploads\/2019\/12\/5-1024x768.jpeg\" alt=\"\" class=\"wp-image-4221\" \/><\/figure>\n\n\n\n<p>El Programa Nacional de Becas de\nPostgrado en el Exterior \u201cDon Carlos Antonio L\u00f3pez\u201d, informa que, en la fecha,<strong> en la sede de la Alianza Francesa<\/strong>, se\nllev\u00f3 a cabo el Lanzamiento de la nueva Convocatoria para Becas de Doctorados\ncon Campus France; incluyendo adem\u00e1s un periodo de estudio del idioma con\nclases intensivas.<\/p>\n\n\n\n<p>Del\nacto de lanzamiento de la convocatoria de estudios en Francia, participaron el\nCoordinador General Programa BECAL, Federico Mora y el Director de la Alianza\nFrancesa, el Sr. Dominique Scobry.<\/p>\n\n\n\n<p>En\nla ocasi\u00f3n, autoridades de BECAL expusieron a los estudiantes interesados, los\ndetalles que hacen a la <strong>gu\u00eda de bases y\ncondiciones para el doctorado en Francia<\/strong>.&nbsp;\nEsta gu\u00eda ha sido elaborada a partir del convenio firmado en julio\npasado entre Campus France y BECAL.<\/p>\n\n\n\n<p>El\nencuentro estuvo dirigido a quienes deseen postularse para estudios superiores\nen Francia y permiti\u00f3 comunicar adem\u00e1s sobre el aprendizaje del idioma franc\u00e9s\nen Paraguay destinada al cupo de 6 estudiantes de doctorado en Francia con\nfinanciamiento de BECAL.<\/p>\n\n\n\n<p><strong>La\napertura de dicha convocatoria en el Sistema de Postulaci\u00f3n a Instrumentos\n(SPI), se realizar\u00e1 el pr\u00f3ximo 5 de diciembre del corriente a\u00f1o y el cierre de\nla misma ser\u00e1 el 19 de enero del a\u00f1o 2020.<\/strong><\/p>\n\n\n\n<p>El objetivo de este tipo de convocatoria de becas es para aumentar la cantidad de investigadores con doctorado y estancia corta\/posdoctorado en \u00e1reas de Ciencia, Tecnolog\u00eda e Innovaci\u00f3n (CTI), mayor cantidad de profesionales con maestr\u00eda en \u00e1reas del conocimiento relevantes para el desarrollo del pa\u00eds. As\u00ed tambi\u00e9n tener m\u00e1s educadores con maestr\u00eda y doctorados en educaci\u00f3n. <\/p>\n\n\n\n<p>Para postular al Programa BECAL-CAMPUS FRANCE, el solicitante deber\u00e1 presentar para una inscripci\u00f3n en Doctorado: <\/p>\n\n\n\n<ul class=\"wp-block-list\"><li>Haber obtenido un\ngrado equivalente a una Maestr\u00eda.<\/li><li>Presentar una\ncarta de motivaci\u00f3n<\/li><li>Presentar un resumen de su proyecto de investigaci\u00f3n,\nde no m\u00e1s de 300 palabras.<\/li><li>Ser paraguayo y residente en Paraguay al momento de la\nsolicitud. <\/li><li>Demostrar competencia en el Idioma franc\u00e9s nivel DELF B2 o ingl\u00e9s (TOEFL\/GRE\/GMAT), si el programa\nes en ingl\u00e9s. Se tomar\u00e1n ex\u00e1menes de franc\u00e9s en la Alianza Francesa de\nAsunci\u00f3n, entre los meses de abril y mayo. El costo del examen est\u00e1 cubierto\npor el programa. Es importante se\u00f1alar\nque el nivel B2 es la base indispensable para el acceso general a las\nuniversidades francesas.<\/li><\/ul>\n<p>[learn_press_profile]<\/p>\n","protected":false},"excerpt":{"rendered":"<p>02\/12\/19 El Programa Nacional de Becas de Postgrado en el Exterior \u201cDon Carlos Antonio L\u00f3pez\u201d, informa que, en la fecha, en la sede de la Alianza Francesa, se llev\u00f3 a cabo el Lanzamiento de la nueva Convocatoria para Becas de Doctorados con Campus France; incluyendo [&hellip;]<\/p>\n","protected":false},"author":1,"featured_media":12112,"comment_status":"closed","ping_status":"closed","sticky":false,"template":"","format":"standard","meta":{"footnotes":""},"categories":[85],"tags":[],"class_list":["post-12111","post","type-post","status-publish","format-standard","has-post-thumbnail","hentry","category-convocatorias"],"_links":{"self":[{"href":"https:\/\/migracion.becal.gov.py\/v2\/wp-json\/wp\/v2\/posts\/12111","targetHints":{"allow":["GET"]}}],"collection":[{"href":"https:\/\/migracion.becal.gov.py\/v2\/wp-json\/wp\/v2\/posts"}],"about":[{"href":"https:\/\/migracion.becal.gov.py\/v2\/wp-json\/wp\/v2\/types\/post"}],"author":[{"embeddable":true,"href":"https:\/\/migracion.becal.gov.py\/v2\/wp-json\/wp\/v2\/users\/1"}],"replies":[{"embeddable":true,"href":"https:\/\/migracion.becal.gov.py\/v2\/wp-json\/wp\/v2\/comments?post=12111"}],"version-history":[{"count":1,"href":"https:\/\/migracion.becal.gov.py\/v2\/wp-json\/wp\/v2\/posts\/12111\/revisions"}],"predecessor-version":[{"id":16535,"href":"https:\/\/migracion.becal.gov.py\/v2\/wp-json\/wp\/v2\/posts\/12111\/revisions\/16535"}],"wp:featuredmedia":[{"embeddable":true,"href":"https:\/\/migracion.becal.gov.py\/v2\/wp-json\/wp\/v2\/media\/12112"}],"wp:attachment":[{"href":"https:\/\/migracion.becal.gov.py\/v2\/wp-json\/wp\/v2\/media?parent=12111"}],"wp:term":[{"taxonomy":"category","embeddable":true,"href":"https:\/\/migracion.becal.gov.py\/v2\/wp-json\/wp\/v2\/categories?post=12111"},{"taxonomy":"post_tag","embeddable":true,"href":"https:\/\/migracion.becal.gov.py\/v2\/wp-json\/wp\/v2\/tags?post=12111"}],"curies":[{"name":"wp","href":"https:\/\/api.w.org\/{rel}","templated":true}]}}