{"id":12171,"date":"2019-11-14T13:01:56","date_gmt":"2019-11-14T13:01:56","guid":{"rendered":"https:\/\/becal.gov.py\/v2\/?p=4146"},"modified":"2023-03-02T23:12:28","modified_gmt":"2023-03-02T23:12:28","slug":"se-amplian-plazos-de-cierre-de-postulacion-a-las-becas-del-programa-becal","status":"publish","type":"post","link":"https:\/\/migracion.becal.gov.py\/v2\/2019\/11\/14\/se-amplian-plazos-de-cierre-de-postulacion-a-las-becas-del-programa-becal\/","title":{"rendered":"Se ampl\u00edan plazos de cierre de Postulaci\u00f3n a las Becas del Programa BECAL"},"content":{"rendered":"\n<p class=\"has-text-align-right\">14\/11\/19<\/p>\n\n\n\n<figure class=\"wp-block-image\"><img decoding=\"async\" src=\"https:\/\/migracion.becal.gov.py\/wp-content\/uploads\/2019\/11\/Logo-BECAL-2.jpg\" alt=\"\" class=\"wp-image-4147\" \/><\/figure>\n\n\n\n<p><strong>Hasta\nel 24 de noviembre del&nbsp;2019 a las 23:59 horas, se extiende el plazo<\/strong>&nbsp;<strong>de cierre<\/strong> para postularse a las becas\ndel Programa Nacional de Becas de Postgrado en el Exterior \u201cDon Carlos Antonio\nL\u00f3pez\u201d. Las mismas corresponden a la 9na. Convocatoria Autogestionada de Becas para Maestr\u00edas\ny Doctorados; Intercambio Internacional a Nivel de Grado Autogestionada, Postdoctorados,\ny Formaci\u00f3n en Idiomas\nExtranjeros en el pa\u00eds.<\/p>\n\n\n\n<p>El objetivo principal de la pr\u00f3rroga del cierre de dichas convocatorias, es que los j\u00f3venes y profesionales universitarios que han aplicado a las becas del Programa BECAL, puedan culminar totalmente la tarea de aplicaci\u00f3n completando todos documentos solicitados en el Sistema de Postulaci\u00f3n a Instrumentos&nbsp;<strong>\u2013SPI<\/strong>.&nbsp;As\u00ed tambi\u00e9n, se recuerda a los postulantes de no olvidar de <strong>PULSAR EL \u00cdCONO DE \u201cFINALIZAR\u201d <\/strong>al concluir el proceso para seguir en carrera.<\/p>\n\n\n\n<p>Las\npostulaciones a las convocatorias se realizan a trav\u00e9s del Sistema de\nPostulaci\u00f3n Instrumento del CONACYT (SPI), ingresando al link https:&nbsp;<a href=\"https:\/\/spi.conacyt.gov.py\/user\">https:\/\/spi.conacyt.gov.py\/user<\/a>. O bien a trav\u00e9s de la P\u00e1gina Web de BECAL,&nbsp;<a href=\"https:\/\/migracion.becal.gov.py\/\">www.becal.gov.py<\/a>&nbsp;, en la secci\u00f3n Becas, donde se encuentran todas las Gu\u00edas de Bases y\nCondiciones de cada tipo de beca y el enlace directo con la p\u00e1gina de\npostulaci\u00f3n.<\/p>\n\n\n\n<p><strong>Cantidades de becas a otorgar seg\u00fan tipo<\/strong>\n<\/p>\n\n\n\n<ul class=\"wp-block-list\"><li>Cursos de Idiomas\nExtranjeros en el Paraguay: <strong>100 cupos<\/strong><strong><\/strong><\/li><li>Doctorado en CTI: <strong>16 cupos<\/strong><strong><\/strong><\/li><li>Maestr\u00eda en CTI: <strong>16 cupos<\/strong><strong><\/strong><\/li><li>Doctorado en\nEducaci\u00f3n y\/o gesti\u00f3n educativa: <strong>2 cupos<\/strong><strong><\/strong><\/li><li>Maestr\u00eda en\neducaci\u00f3n y\/o gesti\u00f3n educativa: <strong>21\ncupos<\/strong><strong><\/strong><\/li><li>Postdoctorado\/\nEstancias cortas: <strong>20 cupos<\/strong><strong><\/strong><\/li><li>Intercambio\nEstudiantil Internacional a Nivel De Grado Autogestionada: <strong>15 cupos<\/strong><strong><\/strong><\/li><li>Intercambio\nEstudiantil Internacional a Nivel De Grado Asistida CPK\/BECAL: <strong>25 cupos<\/strong><strong><\/strong><\/li><\/ul>\n\n\n\n<p><strong>Para obtener m\u00e1s informaci\u00f3n sobre como FINALIZAR la\npostulaci\u00f3n, el interesado puede:<\/strong><\/p>\n\n\n\n<p>Realizar\nconsultas por correo electr\u00f3nico a: <a href=\"mailto:consultasbecasenelexterior@hacienda.gov.py\">consultasbecasenelexterior@hacienda.gov.py<\/a><\/p>\n\n\n\n<p>Llamar al\ntel\u00e9fono: 021 440007 (BECAL)<\/p>\n<p>[learn_press_profile]<\/p>\n","protected":false},"excerpt":{"rendered":"<p>14\/11\/19 Hasta el 24 de noviembre del&nbsp;2019 a las 23:59 horas, se extiende el plazo&nbsp;de cierre para postularse a las becas del Programa Nacional de Becas de Postgrado en el Exterior \u201cDon Carlos Antonio L\u00f3pez\u201d. Las mismas corresponden a la 9na. Convocatoria Autogestionada de Becas [&hellip;]<\/p>\n","protected":false},"author":1,"featured_media":12172,"comment_status":"closed","ping_status":"closed","sticky":false,"template":"","format":"standard","meta":{"footnotes":""},"categories":[85],"tags":[],"class_list":["post-12171","post","type-post","status-publish","format-standard","has-post-thumbnail","hentry","category-convocatorias"],"_links":{"self":[{"href":"https:\/\/migracion.becal.gov.py\/v2\/wp-json\/wp\/v2\/posts\/12171","targetHints":{"allow":["GET"]}}],"collection":[{"href":"https:\/\/migracion.becal.gov.py\/v2\/wp-json\/wp\/v2\/posts"}],"about":[{"href":"https:\/\/migracion.becal.gov.py\/v2\/wp-json\/wp\/v2\/types\/post"}],"author":[{"embeddable":true,"href":"https:\/\/migracion.becal.gov.py\/v2\/wp-json\/wp\/v2\/users\/1"}],"replies":[{"embeddable":true,"href":"https:\/\/migracion.becal.gov.py\/v2\/wp-json\/wp\/v2\/comments?post=12171"}],"version-history":[{"count":1,"href":"https:\/\/migracion.becal.gov.py\/v2\/wp-json\/wp\/v2\/posts\/12171\/revisions"}],"predecessor-version":[{"id":16533,"href":"https:\/\/migracion.becal.gov.py\/v2\/wp-json\/wp\/v2\/posts\/12171\/revisions\/16533"}],"wp:featuredmedia":[{"embeddable":true,"href":"https:\/\/migracion.becal.gov.py\/v2\/wp-json\/wp\/v2\/media\/12172"}],"wp:attachment":[{"href":"https:\/\/migracion.becal.gov.py\/v2\/wp-json\/wp\/v2\/media?parent=12171"}],"wp:term":[{"taxonomy":"category","embeddable":true,"href":"https:\/\/migracion.becal.gov.py\/v2\/wp-json\/wp\/v2\/categories?post=12171"},{"taxonomy":"post_tag","embeddable":true,"href":"https:\/\/migracion.becal.gov.py\/v2\/wp-json\/wp\/v2\/tags?post=12171"}],"curies":[{"name":"wp","href":"https:\/\/api.w.org\/{rel}","templated":true}]}}