{"id":12250,"date":"2019-07-03T15:46:34","date_gmt":"2019-07-03T15:46:34","guid":{"rendered":"https:\/\/becal.gov.py\/v2\/?p=3560"},"modified":"2023-03-02T22:33:16","modified_gmt":"2023-03-02T22:33:16","slug":"comite-de-becal-aprueba-lista-final-de-nuevos-becarios-de-diversas-convocatorias","status":"publish","type":"post","link":"https:\/\/migracion.becal.gov.py\/v2\/2019\/07\/03\/comite-de-becal-aprueba-lista-final-de-nuevos-becarios-de-diversas-convocatorias\/","title":{"rendered":"Comit\u00e9 de BECAL aprueba lista final de nuevos becarios de diversas convocatorias."},"content":{"rendered":"\n<h1 class=\"wp-block-heading\" id=\"mce_1\"><strong>Lista Final de Adjudicados\/as<\/strong><\/h1>\n\n\n\n<figure class=\"wp-block-image\"><img decoding=\"async\" src=\"https:\/\/migracion.becal.gov.py\/wp-content\/uploads\/2019\/07\/foto-con-pdte-Marito-2.jpg\" alt=\"\" class=\"wp-image-3589\" \/><figcaption>Foto Ilustraci\u00f3n\/ Archivo<\/figcaption><\/figure>\n\n\n\n<h1 class=\"wp-block-heading\"><strong> <\/strong><\/h1>\n\n\n\n<p class=\"has-text-align-right\">03\/07\/2019<\/p>\n\n\n\n<p>El Comit\u00e9 de Coordinaci\u00f3n Estrat\u00e9gica del Programa Nacional de Becas de Postgrado en el Exterior \u201cDon Carlos Antonio L\u00f3pez\u201d (BECAL), reunido en fecha 2 de julio del corriente, ha aprobado las listas de nuevos seleccionados de las siguientes convocatorias: &nbsp;8va. Convocatoria Autogestionada de Becas para Maestr\u00edas, Doctorados, Intercambio Internacional a Nivel de Grado, Postdoctorados; Especializaci\u00f3n en Gesti\u00f3n e Innovaci\u00f3n Directiva Chile 03, para profesionales de la Educaci\u00f3n y las del Programa de Becas conjunto Chevening \u2013 BECAL.  <\/p>\n\n\n\n<p>De\nesta forma, BECAL otorga 120 nuevas becas en diferentes \u00e1reas del conocimiento.\nEntre los seleccionados hay 58 para Maestr\u00edas y Doctorados, 48 docentes\npara Especializaci\u00f3n en el \u00e1rea educativa, y el resto se divide en\nPostdoctorado y Movilidad Universitaria.<\/p>\n\n\n\n<p>Cabe mencionar que el Programa BECAL cuenta con el financiamiento del Fondo para la Excelencia de la Educaci\u00f3n y la Investigaci\u00f3n (FEEI) y del Banco Interamericano de Desarrollo (BID).<\/p>\n\n\n\n<p>Los seleccionados de la Octava Convocatoria podr\u00e1n pasar a firmar sus contratos a partir del 15 de julio del 2019. Asimismo, ser\u00e1n invitados para una charla informativa de asistencia obligatoria, el pr\u00f3ximo viernes 12 de julio a las 15:00 horas, en el 5to Piso del Edificio City, ubicado en Estrella 345.   <\/p>\n\n\n\n<p><strong>A continuaci\u00f3n, se detalla el total de la inversi\u00f3n realizada para la formaci\u00f3n de los nuevos becarios seleccionados:<\/strong><\/p>\n\n\n\n<figure class=\"wp-block-image\"><img decoding=\"async\" src=\"https:\/\/migracion.becal.gov.py\/wp-content\/uploads\/2019\/07\/Planilla-desgloce-de-cantidad-de-becas-y-valor-total.jpg\" alt=\"\" class=\"wp-image-3562\" \/><\/figure>\n\n\n\n<p class=\"has-text-align-center\"><strong>\ufeffN\u00d3MINA FINAL DE BECARIOS Y BECARIAS ADJUDICADOS\/AS:<\/strong><\/p>\n\n\n\n<p class=\"has-text-align-center\"><strong>PARA VISUALIZAR LA LISTA ACTUALIZADA DE SELECCIONADOS DE LA 8va. CONVOCATORIA AUTOGESTIONADA, SEG\u00daN CADA TIPO DE BECA, hacer click sobre la primera imagen:<\/strong><\/p>\n\n\n\n<figure class=\"wp-block-image\"><a href=\"https:\/\/migracion.becal.gov.py\/wp-content\/uploads\/2019\/07\/Planilla-Seleccionados-Octava-Convocatoria-con-nombres-para-PUBLICAR-2.xlsx\"><img decoding=\"async\" src=\"https:\/\/migracion.becal.gov.py\/wp-content\/uploads\/2019\/07\/Maestrias-para-porfesionales-en-Ciencia-Tecnolog\u00eda-e-Innovaci\u00f3n-1.jpg\" alt=\"\" class=\"wp-image-3597\" \/><\/a><\/figure>\n\n\n\n<figure class=\"wp-block-image\"><img decoding=\"async\" src=\"https:\/\/migracion.becal.gov.py\/wp-content\/uploads\/2019\/07\/Lista-de-Espera-Maestr\u00edas-para-Porfesionales-en-Ciencias-Tecnolog\u00eda-e-Innovaci\u00f3n-1.jpg\" alt=\"\" class=\"wp-image-3565\" \/><\/figure>\n\n\n\n<figure class=\"wp-block-image\"><img decoding=\"async\" src=\"https:\/\/migracion.becal.gov.py\/wp-content\/uploads\/2019\/07\/Maestr\u00edas-para-Profesionales-en-Educaci\u00f3n-1.png\" alt=\"\" class=\"wp-image-3600\" \/><\/figure>\n\n\n\n<figure class=\"wp-block-image\"><img decoding=\"async\" src=\"https:\/\/migracion.becal.gov.py\/wp-content\/uploads\/2019\/07\/Doctorados-para-Profesionales-en-Ciencias-Tecnolog\u00eda-e-Innovaci\u00f3n.jpg\" alt=\"\" class=\"wp-image-3568\" \/><\/figure>\n\n\n\n<figure class=\"wp-block-image\"><img decoding=\"async\" src=\"https:\/\/migracion.becal.gov.py\/wp-content\/uploads\/2019\/07\/Doctorados-para-Profesionales-en-Educacion-7-unificados.jpg\" alt=\"\" class=\"wp-image-3569\" \/><\/figure>\n\n\n\n<figure class=\"wp-block-image\"><img decoding=\"async\" src=\"https:\/\/migracion.becal.gov.py\/wp-content\/uploads\/2019\/07\/Becas-de-Intercambio-Estudiantil-Internacional-a-Nivel-de-Grado.jpg\" alt=\"\" class=\"wp-image-3570\" \/><\/figure>\n\n\n\n<figure class=\"wp-block-image\"><img decoding=\"async\" src=\"https:\/\/migracion.becal.gov.py\/wp-content\/uploads\/2019\/07\/Becas-para-Postdoctorados-Estancias-cortas.jpg\" alt=\"\" class=\"wp-image-3571\" \/><\/figure>\n\n\n\n<figure class=\"wp-block-image\"><img decoding=\"async\" src=\"https:\/\/migracion.becal.gov.py\/wp-content\/uploads\/2019\/07\/BECAS-CHEVENING-BECAL-2019-2020.jpg\" alt=\"\" class=\"wp-image-3572\" \/><\/figure>\n\n\n\n<p class=\"has-text-align-center\"><strong>PARA VISUALIZAR LA LISTA DE SELECCIONADOS DE LA CONVOCATORIA &#8220;CHILE 03&#8221;, hacer click sobre la primera imagen:<\/strong><\/p>\n\n\n\n<figure class=\"wp-block-image\"><a href=\"https:\/\/migracion.becal.gov.py\/wp-content\/uploads\/2019\/07\/Planilla-Seleccionados-por-la-Universidad-Datos-completos-CHILE-03-para-PUBLICAR-1.xlsx\" target=\"_blank\" rel=\"noreferrer noopener\"><img decoding=\"async\" src=\"https:\/\/migracion.becal.gov.py\/wp-content\/uploads\/2019\/07\/pontificia-chile-48-postulantes-1.jpg\" alt=\"\" class=\"wp-image-3573\" \/><\/a><\/figure>\n\n\n\n<figure class=\"wp-block-image\"><img decoding=\"async\" src=\"https:\/\/migracion.becal.gov.py\/wp-content\/uploads\/2019\/07\/pontificia-chile-48-postulantes-2.jpg\" alt=\"\" class=\"wp-image-3574\" \/><\/figure>\n\n\n\n<p>Las diferentes convocatorias cuentan con el informe de procesos correspondientes, disponibles en la web en los siguientes links: <\/p>\n\n\n\n<p><a href=\"https:\/\/migracion.becal.gov.py\/wp-content\/uploads\/2019\/07\/Informe-de-Evaluacion-Chile-03-para-PUBLICAR.pdf\">https:\/\/migracion.becal.gov.py\/wp-content\/uploads\/2019\/07\/Informe-de-Evaluacion-Chile-03-para-PUBLICAR.pdf<\/a><\/p>\n\n\n\n<p><a href=\"https:\/\/migracion.becal.gov.py\/wp-content\/uploads\/2019\/07\/Informe-de-Evaluacion-Octava-Convocatoria-para-PUBLICAR-1.pdf\">https:\/\/migracion.becal.gov.py\/wp-content\/uploads\/2019\/07\/Informe-de-Evaluacion-Octava-Convocatoria-para-PUBLICAR-1.pdf<\/a><\/p>\n\n\n\n<p><a href=\"https:\/\/migracion.becal.gov.py\/wp-content\/uploads\/2019\/07\/Informe-de-Evaluacion-Postdoctorado-para-PUBLICAR.pdf\">https:\/\/migracion.becal.gov.py\/wp-content\/uploads\/2019\/07\/Informe-de-Evaluacion-Postdoctorado-para-PUBLICAR.pdf<\/a><\/p>\n\n\n\n<p><a href=\"https:\/\/migracion.becal.gov.py\/wp-content\/uploads\/2019\/07\/Informe-de-Evaluacion-Becas-Intercambio-Estudiantil-para-PUBLICAR.pdf\">https:\/\/migracion.becal.gov.py\/wp-content\/uploads\/2019\/07\/Informe-de-Evaluacion-Becas-Intercambio-Estudiantil-para-PUBLICAR.pdf<\/a><\/p>\n\n\n\n<p>Es importante resaltar que, el becario debe mantener un nivel de excelencia en sus estudios, concluir el programa acad\u00e9mico elegido y posteriormente volver al pa\u00eds compartiendo su experiencia y aprendizaje adquiridos a favor de la sociedad. <\/p>\n\n\n\n<p>BECAL cuenta actualmente con 1.459 becarios en 27 pa\u00edses\ndel mundo estudiando en las 300 mejores universidades; casi 711 ya han\nretornado.<\/p>\n<p>[learn_press_profile]<\/p>\n","protected":false},"excerpt":{"rendered":"<p>Lista Final de Adjudicados\/as 03\/07\/2019 El Comit\u00e9 de Coordinaci\u00f3n Estrat\u00e9gica del Programa Nacional de Becas de Postgrado en el Exterior \u201cDon Carlos Antonio L\u00f3pez\u201d (BECAL), reunido en fecha 2 de julio del corriente, ha aprobado las listas de nuevos seleccionados de las siguientes convocatorias: &nbsp;8va. [&hellip;]<\/p>\n","protected":false},"author":1,"featured_media":12254,"comment_status":"closed","ping_status":"closed","sticky":false,"template":"","format":"standard","meta":{"footnotes":""},"categories":[89,85],"tags":[],"class_list":["post-12250","post","type-post","status-publish","format-standard","has-post-thumbnail","hentry","category-becarios","category-convocatorias"],"_links":{"self":[{"href":"https:\/\/migracion.becal.gov.py\/v2\/wp-json\/wp\/v2\/posts\/12250","targetHints":{"allow":["GET"]}}],"collection":[{"href":"https:\/\/migracion.becal.gov.py\/v2\/wp-json\/wp\/v2\/posts"}],"about":[{"href":"https:\/\/migracion.becal.gov.py\/v2\/wp-json\/wp\/v2\/types\/post"}],"author":[{"embeddable":true,"href":"https:\/\/migracion.becal.gov.py\/v2\/wp-json\/wp\/v2\/users\/1"}],"replies":[{"embeddable":true,"href":"https:\/\/migracion.becal.gov.py\/v2\/wp-json\/wp\/v2\/comments?post=12250"}],"version-history":[{"count":1,"href":"https:\/\/migracion.becal.gov.py\/v2\/wp-json\/wp\/v2\/posts\/12250\/revisions"}],"predecessor-version":[{"id":16515,"href":"https:\/\/migracion.becal.gov.py\/v2\/wp-json\/wp\/v2\/posts\/12250\/revisions\/16515"}],"wp:featuredmedia":[{"embeddable":true,"href":"https:\/\/migracion.becal.gov.py\/v2\/wp-json\/wp\/v2\/media\/12254"}],"wp:attachment":[{"href":"https:\/\/migracion.becal.gov.py\/v2\/wp-json\/wp\/v2\/media?parent=12250"}],"wp:term":[{"taxonomy":"category","embeddable":true,"href":"https:\/\/migracion.becal.gov.py\/v2\/wp-json\/wp\/v2\/categories?post=12250"},{"taxonomy":"post_tag","embeddable":true,"href":"https:\/\/migracion.becal.gov.py\/v2\/wp-json\/wp\/v2\/tags?post=12250"}],"curies":[{"name":"wp","href":"https:\/\/api.w.org\/{rel}","templated":true}]}}