{"id":12462,"date":"2019-02-22T19:09:39","date_gmt":"2019-02-22T19:09:39","guid":{"rendered":"https:\/\/becal.gov.py\/v2\/?p=3165"},"modified":"2023-03-03T23:43:02","modified_gmt":"2023-03-03T23:43:02","slug":"becarios-retornados-del-interior","status":"publish","type":"post","link":"https:\/\/migracion.becal.gov.py\/v2\/2019\/02\/22\/becarios-retornados-del-interior\/","title":{"rendered":"BECARIOS RETORNADOS DEL INTERIOR"},"content":{"rendered":"<a href=\"https:\/\/migracion.becal.gov.py\/wp-content\/uploads\/2019\/02\/Calendario-1-3.jpg\"><img fetchpriority=\"high\" decoding=\"async\" class=\" wp-image-3167 aligncenter\" src=\"https:\/\/migracion.becal.gov.py\/wp-content\/uploads\/2019\/02\/Calendario-1-3.jpg\" alt=\"\" width=\"425\" height=\"303\" \/><\/a>\r\n<div class=\"_1mf _1mj\" style=\"text-align: right\" data-offset-key=\"d55cv-0-0\">22\/02\/19 &#8211;<\/div>\r\n<div data-offset-key=\"d55cv-0-0\"><\/div>\r\n<div class=\"\" data-block=\"true\" data-editor=\"6ajss\" data-offset-key=\"1lus2-0-0\">\r\n<div class=\"_1mf _1mj\" data-offset-key=\"1lus2-0-0\"><span data-offset-key=\"1lus2-0-0\">Para los\/as becarios\/as que han retornado al pa\u00eds y a\u00fan no han entregados los documentos (en formato f\u00edsico\/papel) que acrediten su retorno y culminaci\u00f3n del programa de estudios, un representante de BECAL estar\u00e1 recepcionando sus documentos en las localidades y fechas indicados en el Calendario de Charlas Informativas de las nuevas convocatorias.<\/span><\/div>\r\n<\/div>\r\n<div class=\"\" data-block=\"true\" data-editor=\"6ajss\" data-offset-key=\"9a6jo-0-0\">\r\n<div class=\"_1mf _1mj\" data-offset-key=\"9a6jo-0-0\"><span data-offset-key=\"9a6jo-0-0\">\u00a0<\/span><\/div>\r\n<\/div>\r\n<div class=\"\" data-block=\"true\" data-editor=\"6ajss\" data-offset-key=\"55iel-0-0\">\r\n<div class=\"_1mf _1mj\" data-offset-key=\"55iel-0-0\"><span data-offset-key=\"55iel-0-0\">Al respecto, te recordamos que para cumplir con tus obligaciones de retorno debes tambi\u00e9n completar la tarea de retorno en el Sistema de Postulaci\u00f3n a Instrumentos (SPI). <\/span><\/div>\r\n<\/div>\r\n<div class=\"\" data-block=\"true\" data-editor=\"6ajss\" data-offset-key=\"81ih-0-0\">\r\n<div class=\"_1mf _1mj\" data-offset-key=\"81ih-0-0\"><span data-offset-key=\"81ih-0-0\">\u00a0<\/span><\/div>\r\n<\/div>\r\n<div class=\"\" data-block=\"true\" data-editor=\"6ajss\" data-offset-key=\"k1fo-0-0\">\r\n<div class=\"_1mf _1mj\" data-offset-key=\"k1fo-0-0\"><span data-offset-key=\"k1fo-0-0\">Los documentos que debes entregar son:<\/span><\/div>\r\n<\/div>\r\n<div class=\"\" data-block=\"true\" data-editor=\"6ajss\" data-offset-key=\"2cb7i-0-0\">\r\n<div class=\"_1mf _1mj\" data-offset-key=\"2cb7i-0-0\"><span data-offset-key=\"2cb7i-0-0\">\u00a0<\/span><\/div>\r\n<\/div>\r\n<div class=\"\" data-block=\"true\" data-editor=\"6ajss\" data-offset-key=\"2dgv2-0-0\">\r\n<div class=\"_1mf _1mj\" data-offset-key=\"2dgv2-0-0\"><span data-offset-key=\"2dgv2-0-0\">Documentos para a\u00f1o 0:<\/span><\/div>\r\n<\/div>\r\n<div class=\"\" data-block=\"true\" data-editor=\"6ajss\" data-offset-key=\"fa3of-0-0\">\r\n<div class=\"_1mf _1mj\" data-offset-key=\"fa3of-0-0\"><span data-offset-key=\"fa3of-0-0\">\u2022Formulario retorno a\u00f1o 0 del SPI firmado.<\/span><\/div>\r\n<\/div>\r\n<div class=\"\" data-block=\"true\" data-editor=\"6ajss\" data-offset-key=\"6jhb-0-0\">\r\n<div class=\"_1mf _1mj\" data-offset-key=\"6jhb-0-0\"><span data-offset-key=\"6jhb-0-0\">\u2022Copia simple de pasaporte o documento que acredite ingreso al pa\u00eds.<\/span><\/div>\r\n<\/div>\r\n<div class=\"\" data-block=\"true\" data-editor=\"6ajss\" data-offset-key=\"5p42j-0-0\">\r\n<div class=\"_1mf _1mj\" data-offset-key=\"5p42j-0-0\"><span data-offset-key=\"5p42j-0-0\">\u2022Copia autenticada por escriban\u00eda del certificado de estudios (o equivalente) y del t\u00edtulo o equivalente (ambos deben contar con Apostilla de la Haya o tr\u00e1mite consular).<\/span><\/div>\r\n<\/div>\r\n<div class=\"\" data-block=\"true\" data-editor=\"6ajss\" data-offset-key=\"f2ohd-0-0\">\r\n<div class=\"_1mf _1mj\" data-offset-key=\"f2ohd-0-0\"><span data-offset-key=\"f2ohd-0-0\">\u2022Copia autenticada por escriban\u00eda del t\u00edtulo o equivalente.<\/span><\/div>\r\n<\/div>\r\n<div class=\"\" data-block=\"true\" data-editor=\"6ajss\" data-offset-key=\"bj3l8-0-0\">\r\n<div class=\"_1mf _1mj\" data-offset-key=\"bj3l8-0-0\"><span data-offset-key=\"bj3l8-0-0\">\u00a0<\/span><\/div>\r\n<\/div>\r\n<div class=\"\" data-block=\"true\" data-editor=\"6ajss\" data-offset-key=\"b0ku5-0-0\">\r\n<div class=\"_1mf _1mj\" data-offset-key=\"b0ku5-0-0\"><span data-offset-key=\"b0ku5-0-0\">Para acreditar permanencia en el pa\u00eds (a\u00f1o 1 al 5):<\/span><\/div>\r\n<\/div>\r\n<div class=\"\" data-block=\"true\" data-editor=\"6ajss\" data-offset-key=\"a6vjj-0-0\">\r\n<div class=\"_1mf _1mj\" data-offset-key=\"a6vjj-0-0\"><span data-offset-key=\"a6vjj-0-0\">\u2022Certificado de vida y residencia.<\/span><\/div>\r\n<\/div>\r\n<div class=\"\" data-block=\"true\" data-editor=\"6ajss\" data-offset-key=\"aabm9-0-0\">\r\n<div class=\"_1mf _1mj\" data-offset-key=\"aabm9-0-0\"><span data-offset-key=\"aabm9-0-0\">\u2022Documento que acredite vinculaci\u00f3n laboral (IVA, contrato u otro equivalente) o certificado de no ser contribuyente.<\/span><\/div>\r\n<\/div>\r\nSi ten\u00e9s dudas podes realizar tus consultas a: liz_garcete@hacienda.gov.py\r\n\r\n&nbsp;<p>[learn_press_profile]<\/p>\n","protected":false},"excerpt":{"rendered":"<p>22\/02\/19 &#8211; Para los\/as becarios\/as que han retornado al pa\u00eds y a\u00fan no han entregados los documentos (en formato f\u00edsico\/papel) que acrediten su retorno y culminaci\u00f3n del programa de estudios, un representante de BECAL estar\u00e1 recepcionando sus documentos en las localidades y fechas indicados en [&hellip;]<\/p>\n","protected":false},"author":1,"featured_media":12463,"comment_status":"closed","ping_status":"closed","sticky":false,"template":"","format":"standard","meta":{"footnotes":""},"categories":[81],"tags":[],"class_list":["post-12462","post","type-post","status-publish","format-standard","has-post-thumbnail","hentry","category-retorno-y-reinsecion"],"_links":{"self":[{"href":"https:\/\/migracion.becal.gov.py\/v2\/wp-json\/wp\/v2\/posts\/12462","targetHints":{"allow":["GET"]}}],"collection":[{"href":"https:\/\/migracion.becal.gov.py\/v2\/wp-json\/wp\/v2\/posts"}],"about":[{"href":"https:\/\/migracion.becal.gov.py\/v2\/wp-json\/wp\/v2\/types\/post"}],"author":[{"embeddable":true,"href":"https:\/\/migracion.becal.gov.py\/v2\/wp-json\/wp\/v2\/users\/1"}],"replies":[{"embeddable":true,"href":"https:\/\/migracion.becal.gov.py\/v2\/wp-json\/wp\/v2\/comments?post=12462"}],"version-history":[{"count":1,"href":"https:\/\/migracion.becal.gov.py\/v2\/wp-json\/wp\/v2\/posts\/12462\/revisions"}],"predecessor-version":[{"id":16684,"href":"https:\/\/migracion.becal.gov.py\/v2\/wp-json\/wp\/v2\/posts\/12462\/revisions\/16684"}],"wp:featuredmedia":[{"embeddable":true,"href":"https:\/\/migracion.becal.gov.py\/v2\/wp-json\/wp\/v2\/media\/12463"}],"wp:attachment":[{"href":"https:\/\/migracion.becal.gov.py\/v2\/wp-json\/wp\/v2\/media?parent=12462"}],"wp:term":[{"taxonomy":"category","embeddable":true,"href":"https:\/\/migracion.becal.gov.py\/v2\/wp-json\/wp\/v2\/categories?post=12462"},{"taxonomy":"post_tag","embeddable":true,"href":"https:\/\/migracion.becal.gov.py\/v2\/wp-json\/wp\/v2\/tags?post=12462"}],"curies":[{"name":"wp","href":"https:\/\/api.w.org\/{rel}","templated":true}]}}