{"id":12588,"date":"2018-09-28T16:00:45","date_gmt":"2018-09-28T16:00:45","guid":{"rendered":"https:\/\/becal.gov.py\/v2\/?p=2628"},"modified":"2023-03-01T19:34:44","modified_gmt":"2023-03-01T19:34:44","slug":"iniciamos-en-el-chaco-las-charlas-informativas-de-la-7-convocatoria-de-becas","status":"publish","type":"post","link":"https:\/\/migracion.becal.gov.py\/v2\/2018\/09\/28\/iniciamos-en-el-chaco-las-charlas-informativas-de-la-7-convocatoria-de-becas\/","title":{"rendered":"Iniciamos en el Chaco las charlas informativas de la 7\u00b0 Convocatoria de becas"},"content":{"rendered":"&nbsp;\r\n\r\n<a href=\"https:\/\/migracion.becal.gov.py\/wp-content\/uploads\/2018\/09\/mapita-loma-plata.jpg\">\r\n<img fetchpriority=\"high\" decoding=\"async\" class=\" wp-image-2629 aligncenter\" src=\"https:\/\/migracion.becal.gov.py\/wp-content\/uploads\/2018\/09\/mapita-loma-plata.jpg\" alt=\"\" width=\"347\" height=\"342\" \/><\/a>\r\n<p style=\"text-align: right\">28\/09\/18<\/p>\r\n<p style=\"text-align: left\">El Programa Nacional de Becas de Postgrado en el Exterior \u201cDon Carlos Antonio L\u00f3pez\u201d (BECAL) realizar\u00e1 una gira por distintas localidades para presentar la 7\u00aa Convocatoria Autogestionada de Becas para programas de Maestr\u00eda y Doctorado en el exterior. El objetivo de la misma, es que la informaci\u00f3n sobre las oportunidades de becas llegue a la mayor cantidad de personas.<\/p>\r\n<p style=\"text-align: left\">La primera parte de la gira se realiza conjuramente con representantes de las becas Chevening\u00a0 del Reino Unido, el lunes 1 de octubre, en el Sal\u00f3n Auditorio del Servicio Agropecuario de la Cooperativa Chortitzer, en Loma Plata (Chaco), a las 15:30 horas; y el martes 2, a las 18:00 horas en el Rectorado Universidad Nacional de Concepci\u00f3n y a las 19:00 horas en la Facultad de Ciencias Jur\u00eddicas de la Universidad Cat\u00f3lica en Concepci\u00f3n.<\/p>\r\n<p style=\"text-align: left\">Cabe mencionar que la convocatoria de becas ofrecer\u00e1 72 plazas para Maestr\u00edas en CTI, Maestr\u00edas para Investigaci\u00f3n en CYT, Maestr\u00edas en Educaci\u00f3n y\/o Gesti\u00f3n Educativa, Doctorados en CTI y Doctorados en Educaci\u00f3n y\/o Gesti\u00f3n Educativa. La gu\u00eda de Bases y Condiciones (GBC) ya est\u00e1 disponible a trav\u00e9s de la p\u00e1gina web de BECAL <a href=\"https:\/\/migracion.becal.gov.py\/guia-de-bases-y-condiciones-3\/\">https:\/\/migracion.becal.gov.py\/guia-de-bases-y-condiciones-3\/<\/a><\/p>\r\n<p style=\"text-align: left\">En los pr\u00f3ximos d\u00edas daremos a conocer el calendario de visitas a los diferentes departamentos.<\/p>\r\n<p style=\"text-align: left\"><\/p><p>[learn_press_profile]<\/p>\n","protected":false},"excerpt":{"rendered":"<p>&nbsp; 28\/09\/18 El Programa Nacional de Becas de Postgrado en el Exterior \u201cDon Carlos Antonio L\u00f3pez\u201d (BECAL) realizar\u00e1 una gira por distintas localidades para presentar la 7\u00aa Convocatoria Autogestionada de Becas para programas de Maestr\u00eda y Doctorado en el exterior. El objetivo de la misma, [&hellip;]<\/p>\n","protected":false},"author":1,"featured_media":12589,"comment_status":"closed","ping_status":"closed","sticky":false,"template":"","format":"standard","meta":{"footnotes":""},"categories":[85],"tags":[],"class_list":["post-12588","post","type-post","status-publish","format-standard","has-post-thumbnail","hentry","category-convocatorias"],"_links":{"self":[{"href":"https:\/\/migracion.becal.gov.py\/v2\/wp-json\/wp\/v2\/posts\/12588","targetHints":{"allow":["GET"]}}],"collection":[{"href":"https:\/\/migracion.becal.gov.py\/v2\/wp-json\/wp\/v2\/posts"}],"about":[{"href":"https:\/\/migracion.becal.gov.py\/v2\/wp-json\/wp\/v2\/types\/post"}],"author":[{"embeddable":true,"href":"https:\/\/migracion.becal.gov.py\/v2\/wp-json\/wp\/v2\/users\/1"}],"replies":[{"embeddable":true,"href":"https:\/\/migracion.becal.gov.py\/v2\/wp-json\/wp\/v2\/comments?post=12588"}],"version-history":[{"count":1,"href":"https:\/\/migracion.becal.gov.py\/v2\/wp-json\/wp\/v2\/posts\/12588\/revisions"}],"predecessor-version":[{"id":16181,"href":"https:\/\/migracion.becal.gov.py\/v2\/wp-json\/wp\/v2\/posts\/12588\/revisions\/16181"}],"wp:featuredmedia":[{"embeddable":true,"href":"https:\/\/migracion.becal.gov.py\/v2\/wp-json\/wp\/v2\/media\/12589"}],"wp:attachment":[{"href":"https:\/\/migracion.becal.gov.py\/v2\/wp-json\/wp\/v2\/media?parent=12588"}],"wp:term":[{"taxonomy":"category","embeddable":true,"href":"https:\/\/migracion.becal.gov.py\/v2\/wp-json\/wp\/v2\/categories?post=12588"},{"taxonomy":"post_tag","embeddable":true,"href":"https:\/\/migracion.becal.gov.py\/v2\/wp-json\/wp\/v2\/tags?post=12588"}],"curies":[{"name":"wp","href":"https:\/\/api.w.org\/{rel}","templated":true}]}}