{"id":12595,"date":"2018-09-24T18:39:41","date_gmt":"2018-09-24T18:39:41","guid":{"rendered":"https:\/\/becal.gov.py\/v2\/?p=2590"},"modified":"2023-03-03T05:59:13","modified_gmt":"2023-03-03T05:59:13","slug":"charla-informativa-para-nuevos-becarios-que-van-a-chile","status":"publish","type":"post","link":"https:\/\/migracion.becal.gov.py\/v2\/2018\/09\/24\/charla-informativa-para-nuevos-becarios-que-van-a-chile\/","title":{"rendered":"CHARLA INFORMATIVA PARA NUEVOS BECARIOS QUE VAN A CHILE"},"content":{"rendered":"<a href=\"https:\/\/migracion.becal.gov.py\/wp-content\/uploads\/2018\/09\/Logo-BECAL.jpg\"><img fetchpriority=\"high\" decoding=\"async\" class=\" wp-image-2584 aligncenter\" src=\"https:\/\/migracion.becal.gov.py\/wp-content\/uploads\/2018\/09\/Logo-BECAL.jpg\" alt=\"\" width=\"353\" height=\"154\" \/><\/a>\r\n<p style=\"text-align: right\">24\/09\/18<\/p>\r\n<p style=\"text-align: left\">El martes 25 de septiembre del corriente, de 8:00 a 12:00 horas en el Sal\u00f3n <em>Ko\u00b4e Pyahu<\/em> Edif. PRODEPA (ubicado en la Secretar\u00eda Nacional de Deportes) se llevar\u00e1 a cabo la charla informativa de las Becas de Especializaci\u00f3n en Gesti\u00f3n e Innovaci\u00f3n Directiva en Chile. La misma est\u00e1 dirigida a los 100 recientes ganadores de las becas CHILE01 quienes iniciar\u00e1n en breve sus estudios.<\/p>\r\n<p style=\"text-align: left\">Estar\u00e1n presentes en el acto protocolar autoridades del MEC, como el Vice ministro de Educaci\u00f3n Superior y Ciencias, Robert Cano y el Coordinador General del Programa, Federico Mora.<\/p>\r\n<p style=\"text-align: left\">La agenda del evento aborda temas como: informaci\u00f3n general del viaje, resoluci\u00f3n de permisos, reemplazo de directores, gestiones administrativas, documentos para la firma de contrato, gu\u00eda del becario y beneficios a ser otorgados.<\/p>\r\n<p style=\"text-align: left\">Estos 100 nuevos becarios se sumar\u00e1n a los 328 docentes paraguayos que ya ha realizaron estudios de postgrado en el exterior con BECAL.<\/p><p>[learn_press_profile]<\/p>\n","protected":false},"excerpt":{"rendered":"<p>24\/09\/18 El martes 25 de septiembre del corriente, de 8:00 a 12:00 horas en el Sal\u00f3n Ko\u00b4e Pyahu Edif. PRODEPA (ubicado en la Secretar\u00eda Nacional de Deportes) se llevar\u00e1 a cabo la charla informativa de las Becas de Especializaci\u00f3n en Gesti\u00f3n e Innovaci\u00f3n Directiva en [&hellip;]<\/p>\n","protected":false},"author":1,"featured_media":12596,"comment_status":"closed","ping_status":"closed","sticky":false,"template":"","format":"standard","meta":{"footnotes":""},"categories":[85],"tags":[],"class_list":["post-12595","post","type-post","status-publish","format-standard","has-post-thumbnail","hentry","category-convocatorias"],"_links":{"self":[{"href":"https:\/\/migracion.becal.gov.py\/v2\/wp-json\/wp\/v2\/posts\/12595","targetHints":{"allow":["GET"]}}],"collection":[{"href":"https:\/\/migracion.becal.gov.py\/v2\/wp-json\/wp\/v2\/posts"}],"about":[{"href":"https:\/\/migracion.becal.gov.py\/v2\/wp-json\/wp\/v2\/types\/post"}],"author":[{"embeddable":true,"href":"https:\/\/migracion.becal.gov.py\/v2\/wp-json\/wp\/v2\/users\/1"}],"replies":[{"embeddable":true,"href":"https:\/\/migracion.becal.gov.py\/v2\/wp-json\/wp\/v2\/comments?post=12595"}],"version-history":[{"count":1,"href":"https:\/\/migracion.becal.gov.py\/v2\/wp-json\/wp\/v2\/posts\/12595\/revisions"}],"predecessor-version":[{"id":16615,"href":"https:\/\/migracion.becal.gov.py\/v2\/wp-json\/wp\/v2\/posts\/12595\/revisions\/16615"}],"wp:featuredmedia":[{"embeddable":true,"href":"https:\/\/migracion.becal.gov.py\/v2\/wp-json\/wp\/v2\/media\/12596"}],"wp:attachment":[{"href":"https:\/\/migracion.becal.gov.py\/v2\/wp-json\/wp\/v2\/media?parent=12595"}],"wp:term":[{"taxonomy":"category","embeddable":true,"href":"https:\/\/migracion.becal.gov.py\/v2\/wp-json\/wp\/v2\/categories?post=12595"},{"taxonomy":"post_tag","embeddable":true,"href":"https:\/\/migracion.becal.gov.py\/v2\/wp-json\/wp\/v2\/tags?post=12595"}],"curies":[{"name":"wp","href":"https:\/\/api.w.org\/{rel}","templated":true}]}}