{"id":12613,"date":"2018-09-06T18:22:48","date_gmt":"2018-09-06T18:22:48","guid":{"rendered":"https:\/\/becal.gov.py\/v2\/?p=2500"},"modified":"2023-03-03T05:54:31","modified_gmt":"2023-03-03T05:54:31","slug":"resultado-de-la-convocatoria-chile-01-para-los-proximos-dias","status":"publish","type":"post","link":"https:\/\/migracion.becal.gov.py\/v2\/2018\/09\/06\/resultado-de-la-convocatoria-chile-01-para-los-proximos-dias\/","title":{"rendered":"Resultado de la Convocatoria Chile 01 para los pr\u00f3ximos d\u00edas\u00a0\u00a0"},"content":{"rendered":"<a href=\"https:\/\/migracion.becal.gov.py\/wp-content\/uploads\/2018\/04\/Logo-BECAL.jpg\"><img fetchpriority=\"high\" decoding=\"async\" class=\" wp-image-2024 aligncenter\" src=\"https:\/\/migracion.becal.gov.py\/wp-content\/uploads\/2018\/04\/Logo-BECAL.jpg\" alt=\"\" width=\"383\" height=\"167\" \/><\/a>\r\n\r\n&nbsp;\r\n<p style=\"text-align: right\">6 de septiembre del 2018<\/p>\r\n<p style=\"text-align: left\">El Programa Nacional de Becas de Postgrado en el Exterior \u201cDon Carlos Antonio L\u00f3pez\u201d informa que est\u00e1 pendiente de aprobaci\u00f3n la lista de los finalistas de las becas de la Convocatoria para Especialistas en Gesti\u00f3n e Innovaci\u00f3n Directiva (Chile 01) que se desarrollar\u00e1 en la Pontificia Universidad Cat\u00f3lica de Chile y el Centro de Innovaci\u00f3n en Educaci\u00f3n de la Fundaci\u00f3n Chile.<\/p>\r\n<p style=\"text-align: left\">En este sentido, estaremos informando en los pr\u00f3ximos d\u00edas.<\/p><p>[learn_press_profile]<\/p>\n","protected":false},"excerpt":{"rendered":"<p>&nbsp; 6 de septiembre del 2018 El Programa Nacional de Becas de Postgrado en el Exterior \u201cDon Carlos Antonio L\u00f3pez\u201d informa que est\u00e1 pendiente de aprobaci\u00f3n la lista de los finalistas de las becas de la Convocatoria para Especialistas en Gesti\u00f3n e Innovaci\u00f3n Directiva (Chile [&hellip;]<\/p>\n","protected":false},"author":1,"featured_media":12599,"comment_status":"closed","ping_status":"closed","sticky":false,"template":"","format":"standard","meta":{"footnotes":""},"categories":[85],"tags":[],"class_list":["post-12613","post","type-post","status-publish","format-standard","has-post-thumbnail","hentry","category-convocatorias"],"_links":{"self":[{"href":"https:\/\/migracion.becal.gov.py\/v2\/wp-json\/wp\/v2\/posts\/12613","targetHints":{"allow":["GET"]}}],"collection":[{"href":"https:\/\/migracion.becal.gov.py\/v2\/wp-json\/wp\/v2\/posts"}],"about":[{"href":"https:\/\/migracion.becal.gov.py\/v2\/wp-json\/wp\/v2\/types\/post"}],"author":[{"embeddable":true,"href":"https:\/\/migracion.becal.gov.py\/v2\/wp-json\/wp\/v2\/users\/1"}],"replies":[{"embeddable":true,"href":"https:\/\/migracion.becal.gov.py\/v2\/wp-json\/wp\/v2\/comments?post=12613"}],"version-history":[{"count":1,"href":"https:\/\/migracion.becal.gov.py\/v2\/wp-json\/wp\/v2\/posts\/12613\/revisions"}],"predecessor-version":[{"id":16612,"href":"https:\/\/migracion.becal.gov.py\/v2\/wp-json\/wp\/v2\/posts\/12613\/revisions\/16612"}],"wp:featuredmedia":[{"embeddable":true,"href":"https:\/\/migracion.becal.gov.py\/v2\/wp-json\/wp\/v2\/media\/12599"}],"wp:attachment":[{"href":"https:\/\/migracion.becal.gov.py\/v2\/wp-json\/wp\/v2\/media?parent=12613"}],"wp:term":[{"taxonomy":"category","embeddable":true,"href":"https:\/\/migracion.becal.gov.py\/v2\/wp-json\/wp\/v2\/categories?post=12613"},{"taxonomy":"post_tag","embeddable":true,"href":"https:\/\/migracion.becal.gov.py\/v2\/wp-json\/wp\/v2\/tags?post=12613"}],"curies":[{"name":"wp","href":"https:\/\/api.w.org\/{rel}","templated":true}]}}