{"id":12626,"date":"2018-08-17T18:49:12","date_gmt":"2018-08-17T18:49:12","guid":{"rendered":"https:\/\/becal.gov.py\/v2\/?p=2468"},"modified":"2023-03-02T18:29:54","modified_gmt":"2023-03-02T18:29:54","slug":"reunion-de-despedida-de-becarios-chevening-y-chevening-cal","status":"publish","type":"post","link":"https:\/\/migracion.becal.gov.py\/v2\/2018\/08\/17\/reunion-de-despedida-de-becarios-chevening-y-chevening-cal\/","title":{"rendered":"Reuni\u00f3n de despedida de becarios Chevening y Chevening-CAL"},"content":{"rendered":"<a href=\"https:\/\/migracion.becal.gov.py\/wp-content\/uploads\/2018\/07\/becal-chevening.jpg\"><img decoding=\"async\" class=\" wp-image-2366 aligncenter\" src=\"https:\/\/migracion.becal.gov.py\/wp-content\/uploads\/2018\/07\/becal-chevening.jpg\" alt=\"\" width=\"378\" height=\"127\" \/><\/a>\r\n<p style=\"text-align: right\">17 de agosto del 2018<\/p>\r\n<p style=\"text-align: left\">El pasado 9 de julio del corriente a\u00f1o, la British Embassy Asunci\u00f3n y el Programa Nacional de Becas de Postgrado en el Exterior \u201cDon Carlos Antonio L\u00f3pez\u201d (BECAL) dieron a conocer los nombres de los nuevos diez\u00a0adjudicados con las becas Chevening-CAL.\u00a0Los mismos participaron el d\u00eda de ayer, junto con los siete becarios Chevening, de la reuni\u00f3n de despedida organizada por el embajador Matthew James Hedges en su residencia. El evento cont\u00f3 con la participaci\u00f3n de la Baronesa Gloria Dorothy Hooper y del Coordinador General de BECAL, Federico Mora.<\/p>\r\n<p style=\"text-align: left\">La inversi\u00f3n del gobierno paraguayo en las becas Chevening-CAL es de U$S 300.000.- y corresponde a las diez becas mencionadas. Dicha adjudicaci\u00f3n es posible gracias a un acuerdo firmado, por tercer a\u00f1o consecutivo, entre Chevening (<em>UK Goverment Scholarships<\/em>) y BECAL, que posibilita a nuestros compatriotas estudiar en el Reino Unido de modo a contribuir con el aumento de la generaci\u00f3n y aplicaci\u00f3n de conocimiento en las \u00e1reas de Ciencias y Tecnolog\u00eda y los niveles de aprendizaje en la educaci\u00f3n a trav\u00e9s de mejoramiento de la oferta de Capital Humano Avanzado.<\/p><p>[learn_press_profile]<\/p>\n","protected":false},"excerpt":{"rendered":"<p>17 de agosto del 2018 El pasado 9 de julio del corriente a\u00f1o, la British Embassy Asunci\u00f3n y el Programa Nacional de Becas de Postgrado en el Exterior \u201cDon Carlos Antonio L\u00f3pez\u201d (BECAL) dieron a conocer los nombres de los nuevos diez\u00a0adjudicados con las becas [&hellip;]<\/p>\n","protected":false},"author":1,"featured_media":12627,"comment_status":"closed","ping_status":"closed","sticky":false,"template":"","format":"standard","meta":{"footnotes":""},"categories":[95],"tags":[],"class_list":["post-12626","post","type-post","status-publish","format-standard","has-post-thumbnail","hentry","category-chevening"],"_links":{"self":[{"href":"https:\/\/migracion.becal.gov.py\/v2\/wp-json\/wp\/v2\/posts\/12626","targetHints":{"allow":["GET"]}}],"collection":[{"href":"https:\/\/migracion.becal.gov.py\/v2\/wp-json\/wp\/v2\/posts"}],"about":[{"href":"https:\/\/migracion.becal.gov.py\/v2\/wp-json\/wp\/v2\/types\/post"}],"author":[{"embeddable":true,"href":"https:\/\/migracion.becal.gov.py\/v2\/wp-json\/wp\/v2\/users\/1"}],"replies":[{"embeddable":true,"href":"https:\/\/migracion.becal.gov.py\/v2\/wp-json\/wp\/v2\/comments?post=12626"}],"version-history":[{"count":1,"href":"https:\/\/migracion.becal.gov.py\/v2\/wp-json\/wp\/v2\/posts\/12626\/revisions"}],"predecessor-version":[{"id":16498,"href":"https:\/\/migracion.becal.gov.py\/v2\/wp-json\/wp\/v2\/posts\/12626\/revisions\/16498"}],"wp:featuredmedia":[{"embeddable":true,"href":"https:\/\/migracion.becal.gov.py\/v2\/wp-json\/wp\/v2\/media\/12627"}],"wp:attachment":[{"href":"https:\/\/migracion.becal.gov.py\/v2\/wp-json\/wp\/v2\/media?parent=12626"}],"wp:term":[{"taxonomy":"category","embeddable":true,"href":"https:\/\/migracion.becal.gov.py\/v2\/wp-json\/wp\/v2\/categories?post=12626"},{"taxonomy":"post_tag","embeddable":true,"href":"https:\/\/migracion.becal.gov.py\/v2\/wp-json\/wp\/v2\/tags?post=12626"}],"curies":[{"name":"wp","href":"https:\/\/api.w.org\/{rel}","templated":true}]}}