{"id":12650,"date":"2018-07-25T21:33:18","date_gmt":"2018-07-25T21:33:18","guid":{"rendered":"https:\/\/becal.gov.py\/v2\/?p=2392"},"modified":"2023-03-03T05:43:49","modified_gmt":"2023-03-03T05:43:49","slug":"manana-inicia-taller-regional-sobre-inversion-en-capital-humano-altamente-calificado","status":"publish","type":"post","link":"https:\/\/migracion.becal.gov.py\/v2\/2018\/07\/25\/manana-inicia-taller-regional-sobre-inversion-en-capital-humano-altamente-calificado\/","title":{"rendered":"Ma\u00f1ana inicia Taller Regional sobre inversi\u00f3n en capital humano altamente calificado"},"content":{"rendered":"<a href=\"https:\/\/migracion.becal.gov.py\/wp-content\/uploads\/2018\/07\/Tira-2.jpg\"><img fetchpriority=\"high\" decoding=\"async\" class=\" wp-image-2378 aligncenter\" src=\"https:\/\/migracion.becal.gov.py\/wp-content\/uploads\/2018\/07\/Tira-2.jpg\" alt=\"\" width=\"371\" height=\"209\" \/><\/a>\r\n<p style=\"text-align: right\">25\/07\/2018<\/p>\r\n<p style=\"text-align: left\">Ma\u00f1ana jueves 27 de julio en el World Trade Center, Torre 2, Piso 10 se inicia el primer d\u00eda del <strong>Taller Regional \u201cModelos alternativos de inversi\u00f3n en Capital Humano Altamente Calificado (CHA)\u201d<\/strong>, organizado por el\u00a0Programa Nacional de Becas de Postgrado en el Exterior \u201cDon Carlos Antonio L\u00f3pez\u201d (BECAL) en conjunto con el Banco Interamericano de Desarrollo (BID) y el Fondo para la Excelencia en el Educaci\u00f3n y la Investigaci\u00f3n (FEEI).<\/p>\r\n<p style=\"text-align: left\">El mismo, tiene por objetivo intercambiar experiencias sobre pol\u00edticas p\u00fablicas de apoyo a la formaci\u00f3n de capital humano altamente calificado basadas en el uso de becas, cr\u00e9ditos educativo y nuevos modelos de inversi\u00f3n que ser\u00e1n abordados en tres mesas con panelistas de M\u00e9xico, Chile, Colombia, Argentina, Brasil, Uruguay y Costa Rica.<\/p>\r\n<p style=\"text-align: left\">Las mesas tratar\u00e1n sobre:\u00a0Aprendizajes en la administraci\u00f3n de programas de Becas; Identificaci\u00f3n de modelos alternativos de financiaci\u00f3n para la sostenibilidad. La figura del cr\u00e9dito educativo y el apalancamiento y cofinanciamiento del sector privado; y Nuevas l\u00edneas tem\u00e1ticas de formaci\u00f3n de Capital Humano Altamente Calificado, fundamentalmente en habilidades digitales.<\/p>\r\n<p style=\"text-align: left\">La apertura oficial ser\u00e1 a las 8:00 hs. con la presencia de la Ministra de Hacienda, do\u00f1a Lea Gim\u00e9nez; la Represente del BID en Paraguay, do\u00f1a Florencia Attademo-Hirt; y el Coordinador General de BECAL, don Federico Mora.<\/p>\r\n<p style=\"text-align: left\">El taller culminar\u00e1 el d\u00eda 27 de julio a las 12:30 horas.\u00a0La entrada el libre por lo que hay que reservar lugar a trav\u00e9s de su inscripcion en:<\/p>\r\n<p style=\"text-align: left\"><a href=\"https:\/\/www.eventbrite.es\/e\/entradas-taller-regional-modelos-alternativos-de-inversion-en-capital-humano-altamente-calificado-48238914893\">https:\/\/www.eventbrite.es\/e\/entradas-taller-regional-modelos-alternativos-de-inversion-en-capital-humano-altamente-calificado-48238914893<\/a><\/p>\r\n<p style=\"text-align: left\"><a href=\"https:\/\/migracion.becal.gov.py\/wp-content\/uploads\/2018\/07\/Programa-a.jpg\"><img decoding=\"async\" class=\"size-full wp-image-2393 aligncenter\" src=\"https:\/\/migracion.becal.gov.py\/wp-content\/uploads\/2018\/07\/Programa-a.jpg\" alt=\"\" width=\"1288\" height=\"1375\" \/><\/a><\/p>\r\n&nbsp;\r\n<p style=\"text-align: left\"><a href=\"https:\/\/migracion.becal.gov.py\/wp-content\/uploads\/2018\/07\/Programa-b.jpg\"><img decoding=\"async\" class=\"size-full wp-image-2394 aligncenter\" src=\"https:\/\/migracion.becal.gov.py\/wp-content\/uploads\/2018\/07\/Programa-b.jpg\" alt=\"\" width=\"1268\" height=\"933\" \/><\/a><\/p>\r\n&nbsp;<p>[learn_press_profile]<\/p>\n","protected":false},"excerpt":{"rendered":"<p>25\/07\/2018 Ma\u00f1ana jueves 27 de julio en el World Trade Center, Torre 2, Piso 10 se inicia el primer d\u00eda del Taller Regional \u201cModelos alternativos de inversi\u00f3n en Capital Humano Altamente Calificado (CHA)\u201d, organizado por el\u00a0Programa Nacional de Becas de Postgrado en el Exterior \u201cDon [&hellip;]<\/p>\n","protected":false},"author":1,"featured_media":12651,"comment_status":"closed","ping_status":"closed","sticky":false,"template":"","format":"standard","meta":{"footnotes":""},"categories":[92],"tags":[],"class_list":["post-12650","post","type-post","status-publish","format-standard","has-post-thumbnail","hentry","category-eventos"],"_links":{"self":[{"href":"https:\/\/migracion.becal.gov.py\/v2\/wp-json\/wp\/v2\/posts\/12650","targetHints":{"allow":["GET"]}}],"collection":[{"href":"https:\/\/migracion.becal.gov.py\/v2\/wp-json\/wp\/v2\/posts"}],"about":[{"href":"https:\/\/migracion.becal.gov.py\/v2\/wp-json\/wp\/v2\/types\/post"}],"author":[{"embeddable":true,"href":"https:\/\/migracion.becal.gov.py\/v2\/wp-json\/wp\/v2\/users\/1"}],"replies":[{"embeddable":true,"href":"https:\/\/migracion.becal.gov.py\/v2\/wp-json\/wp\/v2\/comments?post=12650"}],"version-history":[{"count":1,"href":"https:\/\/migracion.becal.gov.py\/v2\/wp-json\/wp\/v2\/posts\/12650\/revisions"}],"predecessor-version":[{"id":16604,"href":"https:\/\/migracion.becal.gov.py\/v2\/wp-json\/wp\/v2\/posts\/12650\/revisions\/16604"}],"wp:featuredmedia":[{"embeddable":true,"href":"https:\/\/migracion.becal.gov.py\/v2\/wp-json\/wp\/v2\/media\/12651"}],"wp:attachment":[{"href":"https:\/\/migracion.becal.gov.py\/v2\/wp-json\/wp\/v2\/media?parent=12650"}],"wp:term":[{"taxonomy":"category","embeddable":true,"href":"https:\/\/migracion.becal.gov.py\/v2\/wp-json\/wp\/v2\/categories?post=12650"},{"taxonomy":"post_tag","embeddable":true,"href":"https:\/\/migracion.becal.gov.py\/v2\/wp-json\/wp\/v2\/tags?post=12650"}],"curies":[{"name":"wp","href":"https:\/\/api.w.org\/{rel}","templated":true}]}}