{"id":12683,"date":"2018-06-29T19:24:20","date_gmt":"2018-06-29T19:24:20","guid":{"rendered":"https:\/\/becal.gov.py\/v2\/?p=2293"},"modified":"2023-03-02T18:32:00","modified_gmt":"2023-03-02T18:32:00","slug":"nueva-becaria-de-doctorado-en-estados-unidos","status":"publish","type":"post","link":"https:\/\/migracion.becal.gov.py\/v2\/2018\/06\/29\/nueva-becaria-de-doctorado-en-estados-unidos\/","title":{"rendered":"Nueva becaria de doctorado en Estados Unidos"},"content":{"rendered":"<img decoding=\"async\" class=\"wp-image-2273 aligncenter\" src=\"https:\/\/migracion.becal.gov.py\/wp-content\/uploads\/2018\/06\/Logo-BECAL.jpg\" alt=\"\" width=\"250\" height=\"108\" \/>\r\n\r\n&nbsp;\r\n\r\n&nbsp;\r\n<p style=\"text-align: left\">El Programa Nacional de Becas de Postgrado en el Exterior &#8220;Don Carlos Antonio L\u00f3pez&#8221; se complace en informar el resultado de la <em>Convocatoria a Doctorado 02 en los Estados Unidos a trav\u00e9s de la Agencia Especializada LASPAU<\/em>. La persona adjudicada es <strong>Marianela Velilla Fern\u00e1ndez<\/strong> (37 a\u00f1os) quien realizar\u00e1 un PHD en Recursos naturales y medio ambiente en la Universidad de Arizona.<\/p>\r\n<p style=\"text-align: left\">BECAL cuenta con un convenio con Laspau (organizaci\u00f3n afiliada a Harvard University) a trav\u00e9s del cual ofrece servicios a los beneficiarios del programa BECAL, como colocaci\u00f3n acad\u00e9mica en las universidades estadounidenses, procesamiento de visa, monitoreo y asesor\u00eda acad\u00e9mica y administraci\u00f3n financiera.<\/p>\r\n<p style=\"text-align: left\"><\/p>\r\n<a href=\"https:\/\/migracion.becal.gov.py\/wp-content\/uploads\/2018\/06\/LASPAU-1.jpg\"><img fetchpriority=\"high\" decoding=\"async\" class=\" wp-image-2295 aligncenter\" src=\"https:\/\/migracion.becal.gov.py\/wp-content\/uploads\/2018\/06\/LASPAU-1.jpg\" alt=\"\" width=\"619\" height=\"816\" \/><\/a>\r\n\r\n<a href=\"https:\/\/migracion.becal.gov.py\/wp-content\/uploads\/2018\/06\/LASPAU-2.jpg\"><img decoding=\"async\" class=\" wp-image-2296 aligncenter\" src=\"https:\/\/migracion.becal.gov.py\/wp-content\/uploads\/2018\/06\/LASPAU-2.jpg\" alt=\"\" width=\"619\" height=\"820\" \/><\/a>\r\n\r\n&nbsp;\r\n\r\n<a href=\"https:\/\/migracion.becal.gov.py\/wp-content\/uploads\/2018\/06\/LASPAU-3.jpg\"><img loading=\"lazy\" decoding=\"async\" class=\" wp-image-2297 aligncenter\" src=\"https:\/\/migracion.becal.gov.py\/wp-content\/uploads\/2018\/06\/LASPAU-3.jpg\" alt=\"\" width=\"611\" height=\"689\" \/><\/a>\r\n\r\n<a href=\"https:\/\/migracion.becal.gov.py\/wp-content\/uploads\/2018\/06\/Laspau-a.jpg\"><img loading=\"lazy\" decoding=\"async\" class=\" wp-image-2298 aligncenter\" src=\"https:\/\/migracion.becal.gov.py\/wp-content\/uploads\/2018\/06\/Laspau-a.jpg\" alt=\"\" width=\"712\" height=\"679\" \/><\/a><p>[learn_press_profile]<\/p>\n","protected":false},"excerpt":{"rendered":"<p>&nbsp; &nbsp; El Programa Nacional de Becas de Postgrado en el Exterior &#8220;Don Carlos Antonio L\u00f3pez&#8221; se complace en informar el resultado de la Convocatoria a Doctorado 02 en los Estados Unidos a trav\u00e9s de la Agencia Especializada LASPAU. La persona adjudicada es Marianela Velilla [&hellip;]<\/p>\n","protected":false},"author":1,"featured_media":12599,"comment_status":"closed","ping_status":"closed","sticky":false,"template":"","format":"standard","meta":{"footnotes":""},"categories":[85],"tags":[],"class_list":["post-12683","post","type-post","status-publish","format-standard","has-post-thumbnail","hentry","category-convocatorias"],"_links":{"self":[{"href":"https:\/\/migracion.becal.gov.py\/v2\/wp-json\/wp\/v2\/posts\/12683","targetHints":{"allow":["GET"]}}],"collection":[{"href":"https:\/\/migracion.becal.gov.py\/v2\/wp-json\/wp\/v2\/posts"}],"about":[{"href":"https:\/\/migracion.becal.gov.py\/v2\/wp-json\/wp\/v2\/types\/post"}],"author":[{"embeddable":true,"href":"https:\/\/migracion.becal.gov.py\/v2\/wp-json\/wp\/v2\/users\/1"}],"replies":[{"embeddable":true,"href":"https:\/\/migracion.becal.gov.py\/v2\/wp-json\/wp\/v2\/comments?post=12683"}],"version-history":[{"count":1,"href":"https:\/\/migracion.becal.gov.py\/v2\/wp-json\/wp\/v2\/posts\/12683\/revisions"}],"predecessor-version":[{"id":16500,"href":"https:\/\/migracion.becal.gov.py\/v2\/wp-json\/wp\/v2\/posts\/12683\/revisions\/16500"}],"wp:featuredmedia":[{"embeddable":true,"href":"https:\/\/migracion.becal.gov.py\/v2\/wp-json\/wp\/v2\/media\/12599"}],"wp:attachment":[{"href":"https:\/\/migracion.becal.gov.py\/v2\/wp-json\/wp\/v2\/media?parent=12683"}],"wp:term":[{"taxonomy":"category","embeddable":true,"href":"https:\/\/migracion.becal.gov.py\/v2\/wp-json\/wp\/v2\/categories?post=12683"},{"taxonomy":"post_tag","embeddable":true,"href":"https:\/\/migracion.becal.gov.py\/v2\/wp-json\/wp\/v2\/tags?post=12683"}],"curies":[{"name":"wp","href":"https:\/\/api.w.org\/{rel}","templated":true}]}}