{"id":12697,"date":"2018-06-22T19:53:05","date_gmt":"2018-06-22T19:53:05","guid":{"rendered":"https:\/\/becal.gov.py\/v2\/?p=2268"},"modified":"2023-03-02T06:15:51","modified_gmt":"2023-03-02T06:15:51","slug":"a-punto-de-conocer-a-los-futuros-nuevos-becarios","status":"publish","type":"post","link":"https:\/\/migracion.becal.gov.py\/v2\/2018\/06\/22\/a-punto-de-conocer-a-los-futuros-nuevos-becarios\/","title":{"rendered":"A punto de conocer a los futuros nuevos becarios"},"content":{"rendered":"<a href=\"https:\/\/migracion.becal.gov.py\/wp-content\/uploads\/2018\/04\/Logo-BECAL.jpg\"><img fetchpriority=\"high\" decoding=\"async\" class=\"wp-image-2024 aligncenter\" src=\"https:\/\/migracion.becal.gov.py\/wp-content\/uploads\/2018\/04\/Logo-BECAL.jpg\" alt=\"\" width=\"356\" height=\"155\" \/><\/a>\r\n<p style=\"text-align: right\">22\/06\/2018<\/p>\r\n<p style=\"text-align: left\">La 6\u00aa Convocatoria Autogestionada de Becas cerr\u00f3 el pasado 11 de mayo con\u00a0294\u00a0postulaciones, inici\u00e1ndose el proceso de admisibilidad, evaluaci\u00f3n y verificaci\u00f3n de puntajes que arroj\u00f3 como resultado una lista de 71 preseleccionados con los mejores puntajes de acuerdo al tipo de beca que pasaron a la etapa de entrevistas.<\/p>\r\n<p style=\"text-align: left\">Como cada a\u00f1o, contamos con la valiosa colaboraci\u00f3n de investigadores del Programa Nacional de Incentivo al Investigador (PRONII) y de profesionales del Ministerio de Educaci\u00f3n y Ciencias (MEC) quienes conformaron las mesas examinadoras para conocer a los preseleccionados. En la fecha hemos culminado esta etapa y la semana entrante se consolidar\u00e1n los resultados de las entrevistas con los puntajes de cada uno de los entrevistados.<\/p>\r\n<p style=\"text-align: left\">La lista de los nuevos becarios se publicar\u00e1 el viernes 29\/06\/2018. La misma, contendr\u00e1 el nombre completo de los becarios, c\u00e9dula de identidad, tipo de beca, puntaje obtenido, programa de estudios, universidad de destino, pa\u00eds de destino y departamento de origen.<\/p>\r\n<p style=\"text-align: left\">Los postulantes preseleccionados que fueron a entrevista y no fueron adjudicados tiene la posibilidad de presentar apelaci\u00f3n hasta el 5 de julio de 2018 a las 15:00 horas en: \u00a0<a href=\"mailto:apelacionesbecasenelexterior@hacienda.gov.py\">apelacionesbecasenelexterior@hacienda.gov.py<\/a><\/p>\r\n<p style=\"text-align: left\">Queremos destacar, adem\u00e1s los excelentes perfiles de postulantes que ha tenido esta convocatoria y recordar que contamos con un total aproximado de 48 becas, correspondientes a un presupuesto m\u00e1ximo de U$S 3.734.504.-<\/p><p>[learn_press_profile]<\/p>\n","protected":false},"excerpt":{"rendered":"<p>22\/06\/2018 La 6\u00aa Convocatoria Autogestionada de Becas cerr\u00f3 el pasado 11 de mayo con\u00a0294\u00a0postulaciones, inici\u00e1ndose el proceso de admisibilidad, evaluaci\u00f3n y verificaci\u00f3n de puntajes que arroj\u00f3 como resultado una lista de 71 preseleccionados con los mejores puntajes de acuerdo al tipo de beca que pasaron [&hellip;]<\/p>\n","protected":false},"author":1,"featured_media":12280,"comment_status":"closed","ping_status":"closed","sticky":false,"template":"","format":"standard","meta":{"footnotes":""},"categories":[85],"tags":[],"class_list":["post-12697","post","type-post","status-publish","format-standard","has-post-thumbnail","hentry","category-convocatorias"],"_links":{"self":[{"href":"https:\/\/migracion.becal.gov.py\/v2\/wp-json\/wp\/v2\/posts\/12697","targetHints":{"allow":["GET"]}}],"collection":[{"href":"https:\/\/migracion.becal.gov.py\/v2\/wp-json\/wp\/v2\/posts"}],"about":[{"href":"https:\/\/migracion.becal.gov.py\/v2\/wp-json\/wp\/v2\/types\/post"}],"author":[{"embeddable":true,"href":"https:\/\/migracion.becal.gov.py\/v2\/wp-json\/wp\/v2\/users\/1"}],"replies":[{"embeddable":true,"href":"https:\/\/migracion.becal.gov.py\/v2\/wp-json\/wp\/v2\/comments?post=12697"}],"version-history":[{"count":1,"href":"https:\/\/migracion.becal.gov.py\/v2\/wp-json\/wp\/v2\/posts\/12697\/revisions"}],"predecessor-version":[{"id":16369,"href":"https:\/\/migracion.becal.gov.py\/v2\/wp-json\/wp\/v2\/posts\/12697\/revisions\/16369"}],"wp:featuredmedia":[{"embeddable":true,"href":"https:\/\/migracion.becal.gov.py\/v2\/wp-json\/wp\/v2\/media\/12280"}],"wp:attachment":[{"href":"https:\/\/migracion.becal.gov.py\/v2\/wp-json\/wp\/v2\/media?parent=12697"}],"wp:term":[{"taxonomy":"category","embeddable":true,"href":"https:\/\/migracion.becal.gov.py\/v2\/wp-json\/wp\/v2\/categories?post=12697"},{"taxonomy":"post_tag","embeddable":true,"href":"https:\/\/migracion.becal.gov.py\/v2\/wp-json\/wp\/v2\/tags?post=12697"}],"curies":[{"name":"wp","href":"https:\/\/api.w.org\/{rel}","templated":true}]}}