{"id":12744,"date":"2018-05-23T18:14:49","date_gmt":"2018-05-23T18:14:49","guid":{"rendered":"https:\/\/becal.gov.py\/v2\/?p=2109"},"modified":"2023-03-02T02:21:34","modified_gmt":"2023-03-02T02:21:34","slug":"mas-proyectos-de-exbecarios-en-beneficio-de-la-comunidad-educativa","status":"publish","type":"post","link":"https:\/\/migracion.becal.gov.py\/v2\/2018\/05\/23\/mas-proyectos-de-exbecarios-en-beneficio-de-la-comunidad-educativa\/","title":{"rendered":"M\u00e1s proyectos de exbecarios en beneficio de la comunidad educativa"},"content":{"rendered":"<a href=\"https:\/\/migracion.becal.gov.py\/wp-content\/uploads\/2018\/05\/IMG-20180507-WA0016.jpg\"><img fetchpriority=\"high\" decoding=\"async\" class=\"alignnone size-full wp-image-2110\" src=\"https:\/\/migracion.becal.gov.py\/wp-content\/uploads\/2018\/05\/IMG-20180507-WA0016.jpg\" alt=\"\" width=\"1280\" height=\"720\" \/><\/a>\r\n\r\n&nbsp;\r\n<p style=\"text-align: left\">Nuestras exbecarias docentes Delia Ca\u00f1ete, Laura Molinas, Lucia Rivas, Claudia Parquet, Yeni Servin y Ana Duarte realizaron estudios de Maestr\u00edas en Educaci\u00f3n en Espa\u00f1a y han retornado hace unos meses. Las mismas pertenecen al departamento Central y han lanzado un proyecto denominado \u201cCapacitaci\u00f3n para la innovaci\u00f3n educativa, en el marco del Plan de reinserci\u00f3n de profesionales de la educaci\u00f3n, liderado por el Ministerio de Educaci\u00f3n y Ciencias\u201d.<\/p>\r\n<p style=\"text-align: left\">Se trata de una serie de talleres de capacitaci\u00f3n dirigido a directivos, profesores, equipo t\u00e9cnico, coordinadores y profesionales de la educaci\u00f3n en general que se desarrollan en el Colegio Las Mercedes de Loma Pyta seg\u00fan el calendario adjunto.<\/p>\r\n<p style=\"text-align: left\">El mismo est\u00e1 organizado en once m\u00f3dulos de cinco horas reloj de duraci\u00f3n presencial, m\u00e1s tres horas de trabajo a distancia, totalizando una carga horaria de 108 horas reloj, a implementarse durante el a\u00f1o lectivo 2018.<\/p>\r\n<p style=\"text-align: left\">La iniciativa responde al compromiso asumido por las becarias como multiplicadoras de pr\u00e1cticas y saberes para la construcci\u00f3n de una educaci\u00f3n de calidad. El proyecto cuenta con el apoyo del Ministerio de Educaci\u00f3n y Ciencias mediante la certificaci\u00f3n con validez de oposici\u00f3n para los participantes. El acceso es totalmente gratuito.<\/p>\r\n<p style=\"text-align: left\">\u00a1Felicitamos la iniciativa de las becarias!<\/p>\r\n<p style=\"text-align: left\"><a href=\"https:\/\/migracion.becal.gov.py\/wp-content\/uploads\/2018\/05\/taller-calendario.jpg\"><img decoding=\"async\" class=\" wp-image-2117 aligncenter\" src=\"https:\/\/migracion.becal.gov.py\/wp-content\/uploads\/2018\/05\/taller-calendario.jpg\" alt=\"\" width=\"690\" height=\"904\" \/><\/a><\/p><p>[learn_press_profile]<\/p>\n","protected":false},"excerpt":{"rendered":"<p>&nbsp; Nuestras exbecarias docentes Delia Ca\u00f1ete, Laura Molinas, Lucia Rivas, Claudia Parquet, Yeni Servin y Ana Duarte realizaron estudios de Maestr\u00edas en Educaci\u00f3n en Espa\u00f1a y han retornado hace unos meses. Las mismas pertenecen al departamento Central y han lanzado un proyecto denominado \u201cCapacitaci\u00f3n para [&hellip;]<\/p>\n","protected":false},"author":1,"featured_media":12748,"comment_status":"closed","ping_status":"closed","sticky":false,"template":"","format":"standard","meta":{"footnotes":""},"categories":[81],"tags":[],"class_list":["post-12744","post","type-post","status-publish","format-standard","has-post-thumbnail","hentry","category-retorno-y-reinsecion"],"_links":{"self":[{"href":"https:\/\/migracion.becal.gov.py\/v2\/wp-json\/wp\/v2\/posts\/12744","targetHints":{"allow":["GET"]}}],"collection":[{"href":"https:\/\/migracion.becal.gov.py\/v2\/wp-json\/wp\/v2\/posts"}],"about":[{"href":"https:\/\/migracion.becal.gov.py\/v2\/wp-json\/wp\/v2\/types\/post"}],"author":[{"embeddable":true,"href":"https:\/\/migracion.becal.gov.py\/v2\/wp-json\/wp\/v2\/users\/1"}],"replies":[{"embeddable":true,"href":"https:\/\/migracion.becal.gov.py\/v2\/wp-json\/wp\/v2\/comments?post=12744"}],"version-history":[{"count":1,"href":"https:\/\/migracion.becal.gov.py\/v2\/wp-json\/wp\/v2\/posts\/12744\/revisions"}],"predecessor-version":[{"id":16276,"href":"https:\/\/migracion.becal.gov.py\/v2\/wp-json\/wp\/v2\/posts\/12744\/revisions\/16276"}],"wp:featuredmedia":[{"embeddable":true,"href":"https:\/\/migracion.becal.gov.py\/v2\/wp-json\/wp\/v2\/media\/12748"}],"wp:attachment":[{"href":"https:\/\/migracion.becal.gov.py\/v2\/wp-json\/wp\/v2\/media?parent=12744"}],"wp:term":[{"taxonomy":"category","embeddable":true,"href":"https:\/\/migracion.becal.gov.py\/v2\/wp-json\/wp\/v2\/categories?post=12744"},{"taxonomy":"post_tag","embeddable":true,"href":"https:\/\/migracion.becal.gov.py\/v2\/wp-json\/wp\/v2\/tags?post=12744"}],"curies":[{"name":"wp","href":"https:\/\/api.w.org\/{rel}","templated":true}]}}