{"id":12840,"date":"2018-01-15T17:38:10","date_gmt":"2018-01-15T17:38:10","guid":{"rendered":"https:\/\/becal.gov.py\/v2\/?p=1779"},"modified":"2023-03-04T05:01:30","modified_gmt":"2023-03-04T05:01:30","slug":"comite-aprobo-lanzamiento-de-nuevas-becas-en-2018","status":"publish","type":"post","link":"https:\/\/migracion.becal.gov.py\/v2\/2018\/01\/15\/comite-aprobo-lanzamiento-de-nuevas-becas-en-2018\/","title":{"rendered":"COMIT\u00c9 APROB\u00d3 LANZAMIENTO DE NUEVAS BECAS EN 2018"},"content":{"rendered":"<a href=\"https:\/\/migracion.becal.gov.py\/wp-content\/uploads\/2018\/01\/cce-15-1.jpg\"><img fetchpriority=\"high\" decoding=\"async\" class=\"wp-image-1780 aligncenter\" src=\"https:\/\/migracion.becal.gov.py\/wp-content\/uploads\/2018\/01\/cce-15-1.jpg\" alt=\"\" width=\"628\" height=\"418\" \/><\/a>\r\n<p style=\"text-align: right\">Asunci\u00f3n, lunes 15 de enero de 2018<\/p>\r\n<p style=\"text-align: left\">El Comit\u00e9 de Coordinaci\u00f3n Estrat\u00e9gica de (CCE) del Programa Nacional de Becas en el Exterior \u201cDon Carlos Antonio L\u00f3pez\u201d (Becal) realiz\u00f3 esta ma\u00f1ana su primera reuni\u00f3n del a\u00f1o. La sesi\u00f3n estuvo presidida por la ministra de Hacienda, Lea Gim\u00e9nez, y participaron los representantes de los ministerios integrantes del Programa, el Ministro de Educaci\u00f3n y Ciencias, Enrique Riera, el Presidente del Consejo Nacional de Ciencias y Tecnolog\u00eda (CONACYT), Luis Alberto Lima, y en representaci\u00f3n de la Secretar\u00eda T\u00e9cnica de Planificaci\u00f3n del Desarrollo Econ\u00f3mico y Social (STP), Gisela Dimodica y Emiliano Fern\u00e1ndez, as\u00ed como representantes del sector privado.<\/p>\r\n<p style=\"text-align: left\">En la oportunidad definieron lanzar en febrero pr\u00f3ximo, la 6\u00aa Convocatoria Autogestionada de Becas, y adem\u00e1s una convocatoria para programas de postdoctorado.<\/p>\r\n<p style=\"text-align: left\">Igualmente, se realiz\u00f3 la planificaci\u00f3n de las becas del componente de educaci\u00f3n del Programa, a fin de cumplir con las metas establecidas para agosto del presente a\u00f1o. Se defini\u00f3 que, durante este semestre, BECAL lanzar\u00e1 convocatorias asistidas para 300 becas para especializaciones docentes y 30 para maestr\u00edas en educaci\u00f3n. La inversi\u00f3n en el semestre prevista para este componente es de U$S 3.700.000. Asimismo, se mantendr\u00e1n las becas para maestr\u00edas y doctorados en educaci\u00f3n como parte de la 6\u00aa\u00a0convocatoria autogestionada.<\/p>\r\n<p style=\"text-align: left\">Durante la sesi\u00f3n, el CCE recibi\u00f3 a los representantes de la Embajada de los Estados Unidos, Jazm\u00edn Ram\u00edrez y Christopher Johnson, quienes realizaron una presentaci\u00f3n de los resultados de la cooperaci\u00f3n en materia de becas. En el 2016, el gobierno de los Estados Unidos a trav\u00e9s de Fulbright y el gobierno de Paraguay a trav\u00e9s de BECAL, firmaron un acuerdo de cooperaci\u00f3n que ha permitido contar hasta el d\u00eda de hoy con 22 becarios\/as paraguayos estudiando en las mejores universidades de ese pa\u00eds.<\/p>\r\n<p style=\"text-align: left\">Cabe mencionar que, a la fecha BECAL cuenta con 1.065 becarios\/as, provenientes de los 17 departamentos del pa\u00eds, que estudian en las 300 mejores universidades en 27 pa\u00edses del mundo. El coordinador general del Programa, Federico Mora resalt\u00f3 el avance de la preparaci\u00f3n de las especializaciones de docentes en materia de Educaci\u00f3n, que ser\u00e1n presentadas con la Universidad Cat\u00f3lica de Chile, a mediados de febrero.<\/p>\r\n<p style=\"text-align: left\">Asimismo, precis\u00f3 que en este semestre se realizar\u00e1 por primera vez el lanzamiento de las becas para postdoctorados. Mora destac\u00f3 el informe recibido de parte de la Embajada de Estados Unidos sobre el Programa Fullbright, ya que revela importantes detalles de este exitoso emprendimiento, desarrollado en forma conjunta desde hace tres a\u00f1os, y con becarios seleccionados para este convenio, en su mayor\u00eda, del interior del pa\u00eds.<\/p><p>[learn_press_profile]<\/p>\n","protected":false},"excerpt":{"rendered":"<p>Asunci\u00f3n, lunes 15 de enero de 2018 El Comit\u00e9 de Coordinaci\u00f3n Estrat\u00e9gica de (CCE) del Programa Nacional de Becas en el Exterior \u201cDon Carlos Antonio L\u00f3pez\u201d (Becal) realiz\u00f3 esta ma\u00f1ana su primera reuni\u00f3n del a\u00f1o. La sesi\u00f3n estuvo presidida por la ministra de Hacienda, Lea [&hellip;]<\/p>\n","protected":false},"author":1,"featured_media":12841,"comment_status":"closed","ping_status":"closed","sticky":false,"template":"","format":"standard","meta":{"footnotes":""},"categories":[85,84],"tags":[],"class_list":["post-12840","post","type-post","status-publish","format-standard","has-post-thumbnail","hentry","category-convocatorias","category-fulbright"],"_links":{"self":[{"href":"https:\/\/migracion.becal.gov.py\/v2\/wp-json\/wp\/v2\/posts\/12840","targetHints":{"allow":["GET"]}}],"collection":[{"href":"https:\/\/migracion.becal.gov.py\/v2\/wp-json\/wp\/v2\/posts"}],"about":[{"href":"https:\/\/migracion.becal.gov.py\/v2\/wp-json\/wp\/v2\/types\/post"}],"author":[{"embeddable":true,"href":"https:\/\/migracion.becal.gov.py\/v2\/wp-json\/wp\/v2\/users\/1"}],"replies":[{"embeddable":true,"href":"https:\/\/migracion.becal.gov.py\/v2\/wp-json\/wp\/v2\/comments?post=12840"}],"version-history":[{"count":1,"href":"https:\/\/migracion.becal.gov.py\/v2\/wp-json\/wp\/v2\/posts\/12840\/revisions"}],"predecessor-version":[{"id":16690,"href":"https:\/\/migracion.becal.gov.py\/v2\/wp-json\/wp\/v2\/posts\/12840\/revisions\/16690"}],"wp:featuredmedia":[{"embeddable":true,"href":"https:\/\/migracion.becal.gov.py\/v2\/wp-json\/wp\/v2\/media\/12841"}],"wp:attachment":[{"href":"https:\/\/migracion.becal.gov.py\/v2\/wp-json\/wp\/v2\/media?parent=12840"}],"wp:term":[{"taxonomy":"category","embeddable":true,"href":"https:\/\/migracion.becal.gov.py\/v2\/wp-json\/wp\/v2\/categories?post=12840"},{"taxonomy":"post_tag","embeddable":true,"href":"https:\/\/migracion.becal.gov.py\/v2\/wp-json\/wp\/v2\/tags?post=12840"}],"curies":[{"name":"wp","href":"https:\/\/api.w.org\/{rel}","templated":true}]}}