{"id":12929,"date":"2017-08-18T12:42:59","date_gmt":"2017-08-18T12:42:59","guid":{"rendered":"https:\/\/becal.gov.py\/v2\/?p=1495"},"modified":"2023-03-02T16:10:31","modified_gmt":"2023-03-02T16:10:31","slug":"extension-del-plazo-de-postulacion-para-espana-02","status":"publish","type":"post","link":"https:\/\/migracion.becal.gov.py\/v2\/2017\/08\/18\/extension-del-plazo-de-postulacion-para-espana-02\/","title":{"rendered":"Extensi\u00f3n del plazo de postulaci\u00f3n para ESPA\u00d1A 02"},"content":{"rendered":"<p style=\"text-align: right\">18\/08\/2017<\/p>\n<a href=\"https:\/\/migracion.becal.gov.py\/wp-content\/uploads\/2017\/06\/LOGO-BECAL.jpg\"><img decoding=\"async\" class=\"wp-image-1228 aligncenter\" src=\"https:\/\/migracion.becal.gov.py\/wp-content\/uploads\/2017\/06\/LOGO-BECAL.jpg\" alt=\"\" width=\"244\" height=\"111\" \/><\/a>\n<p style=\"text-align: left\">BECAL COMUNICA:<\/p>\n<p style=\"text-align: left\">Que el plazo de postulaci\u00f3n para la Convocatoria a Maestr\u00edas en Educaci\u00f3n para estudios en Espa\u00f1a (CONVOCATORIA ESPA\u00d1A 02) se extiende hasta el d\u00eda\u00a0<strong>MARTES 22 DE AGOSTO DEL 2017 A LAS 23:59 Hs.<\/strong><\/p>\n<p style=\"text-align: left\">El Sistema de Postulaci\u00f3n para Instrumentos del CONACYT (SPI) estar\u00e1 disponible para tal efecto hasta la fecha y hora mencionadas.<\/p>\n<p style=\"text-align: left\">Las dem\u00e1s condiciones establecidas en la gu\u00eda de Bases y Condiciones no ser\u00e1n modificadas.<\/p>\n<a href=\"https:\/\/migracion.becal.gov.py\/wp-content\/uploads\/2017\/08\/Adenda-001.jpg\"><img fetchpriority=\"high\" decoding=\"async\" class=\"size-full wp-image-1493 aligncenter\" src=\"https:\/\/migracion.becal.gov.py\/wp-content\/uploads\/2017\/08\/Adenda-001.jpg\" alt=\"\" width=\"668\" height=\"918\" \/><\/a><p>[learn_press_profile]<\/p>\n","protected":false},"excerpt":{"rendered":"<p>18\/08\/2017 BECAL COMUNICA: Que el plazo de postulaci\u00f3n para la Convocatoria a Maestr\u00edas en Educaci\u00f3n para estudios en Espa\u00f1a (CONVOCATORIA ESPA\u00d1A 02) se extiende hasta el d\u00eda\u00a0MARTES 22 DE AGOSTO DEL 2017 A LAS 23:59 Hs. El Sistema de Postulaci\u00f3n para Instrumentos del CONACYT (SPI) [&hellip;]<\/p>\n","protected":false},"author":1,"featured_media":12928,"comment_status":"closed","ping_status":"closed","sticky":false,"template":"","format":"standard","meta":{"footnotes":""},"categories":[91,85],"tags":[],"class_list":["post-12929","post","type-post","status-publish","format-standard","has-post-thumbnail","hentry","category-comunicado","category-convocatorias"],"_links":{"self":[{"href":"https:\/\/migracion.becal.gov.py\/v2\/wp-json\/wp\/v2\/posts\/12929","targetHints":{"allow":["GET"]}}],"collection":[{"href":"https:\/\/migracion.becal.gov.py\/v2\/wp-json\/wp\/v2\/posts"}],"about":[{"href":"https:\/\/migracion.becal.gov.py\/v2\/wp-json\/wp\/v2\/types\/post"}],"author":[{"embeddable":true,"href":"https:\/\/migracion.becal.gov.py\/v2\/wp-json\/wp\/v2\/users\/1"}],"replies":[{"embeddable":true,"href":"https:\/\/migracion.becal.gov.py\/v2\/wp-json\/wp\/v2\/comments?post=12929"}],"version-history":[{"count":1,"href":"https:\/\/migracion.becal.gov.py\/v2\/wp-json\/wp\/v2\/posts\/12929\/revisions"}],"predecessor-version":[{"id":16475,"href":"https:\/\/migracion.becal.gov.py\/v2\/wp-json\/wp\/v2\/posts\/12929\/revisions\/16475"}],"wp:featuredmedia":[{"embeddable":true,"href":"https:\/\/migracion.becal.gov.py\/v2\/wp-json\/wp\/v2\/media\/12928"}],"wp:attachment":[{"href":"https:\/\/migracion.becal.gov.py\/v2\/wp-json\/wp\/v2\/media?parent=12929"}],"wp:term":[{"taxonomy":"category","embeddable":true,"href":"https:\/\/migracion.becal.gov.py\/v2\/wp-json\/wp\/v2\/categories?post=12929"},{"taxonomy":"post_tag","embeddable":true,"href":"https:\/\/migracion.becal.gov.py\/v2\/wp-json\/wp\/v2\/tags?post=12929"}],"curies":[{"name":"wp","href":"https:\/\/api.w.org\/{rel}","templated":true}]}}