{"id":12969,"date":"2017-07-10T17:02:26","date_gmt":"2017-07-10T17:02:26","guid":{"rendered":"https:\/\/becal.gov.py\/v2\/?p=1329"},"modified":"2023-03-02T10:41:09","modified_gmt":"2023-03-02T10:41:09","slug":"para-becariosas-que-se-encuentran-en-proceso-de-firma-de-contrato-con-becal","status":"publish","type":"post","link":"https:\/\/migracion.becal.gov.py\/v2\/2017\/07\/10\/para-becariosas-que-se-encuentran-en-proceso-de-firma-de-contrato-con-becal\/","title":{"rendered":"Para becarios\/as que se encuentran en proceso de firma de contrato con BECAL"},"content":{"rendered":"<p style=\"text-align: right\">10\/07\/2017<\/p>\n<a href=\"https:\/\/migracion.becal.gov.py\/wp-content\/uploads\/2017\/06\/LOGO-BECAL.jpg\"><img decoding=\"async\" class=\"wp-image-1228 aligncenter\" src=\"https:\/\/migracion.becal.gov.py\/wp-content\/uploads\/2017\/06\/LOGO-BECAL.jpg\" alt=\"\" width=\"321\" height=\"146\" \/><\/a>\n<p style=\"text-align: left\"><\/p>\n<p style=\"text-align: left\">BECAL aclara que para quienes opten por otorgar poder a un familiar o persona de confianza, lo podr\u00e1n hacer a trav\u00e9s de un poder general amplio o poder especial, y las cl\u00e1usulas especiales lo redactar\u00e1 el escribano seg\u00fan las necesidades del becario o postulante.<\/p>\n<p style=\"text-align: left\">Se realiza esta aclaraci\u00f3n en virtud a lo dispuesto en el punto 11.5.2 de la Gu\u00eda de Bases y Condiciones de la 4\u00aa Convocatoria Autogestionadas de Becas de Posgrado.<\/p><p>[learn_press_profile]<\/p>\n","protected":false},"excerpt":{"rendered":"<p>10\/07\/2017 BECAL aclara que para quienes opten por otorgar poder a un familiar o persona de confianza, lo podr\u00e1n hacer a trav\u00e9s de un poder general amplio o poder especial, y las cl\u00e1usulas especiales lo redactar\u00e1 el escribano seg\u00fan las necesidades del becario o postulante. [&hellip;]<\/p>\n","protected":false},"author":1,"featured_media":12928,"comment_status":"closed","ping_status":"closed","sticky":false,"template":"","format":"standard","meta":{"footnotes":""},"categories":[91,85],"tags":[],"class_list":["post-12969","post","type-post","status-publish","format-standard","has-post-thumbnail","hentry","category-comunicado","category-convocatorias"],"_links":{"self":[{"href":"https:\/\/migracion.becal.gov.py\/v2\/wp-json\/wp\/v2\/posts\/12969","targetHints":{"allow":["GET"]}}],"collection":[{"href":"https:\/\/migracion.becal.gov.py\/v2\/wp-json\/wp\/v2\/posts"}],"about":[{"href":"https:\/\/migracion.becal.gov.py\/v2\/wp-json\/wp\/v2\/types\/post"}],"author":[{"embeddable":true,"href":"https:\/\/migracion.becal.gov.py\/v2\/wp-json\/wp\/v2\/users\/1"}],"replies":[{"embeddable":true,"href":"https:\/\/migracion.becal.gov.py\/v2\/wp-json\/wp\/v2\/comments?post=12969"}],"version-history":[{"count":1,"href":"https:\/\/migracion.becal.gov.py\/v2\/wp-json\/wp\/v2\/posts\/12969\/revisions"}],"predecessor-version":[{"id":16432,"href":"https:\/\/migracion.becal.gov.py\/v2\/wp-json\/wp\/v2\/posts\/12969\/revisions\/16432"}],"wp:featuredmedia":[{"embeddable":true,"href":"https:\/\/migracion.becal.gov.py\/v2\/wp-json\/wp\/v2\/media\/12928"}],"wp:attachment":[{"href":"https:\/\/migracion.becal.gov.py\/v2\/wp-json\/wp\/v2\/media?parent=12969"}],"wp:term":[{"taxonomy":"category","embeddable":true,"href":"https:\/\/migracion.becal.gov.py\/v2\/wp-json\/wp\/v2\/categories?post=12969"},{"taxonomy":"post_tag","embeddable":true,"href":"https:\/\/migracion.becal.gov.py\/v2\/wp-json\/wp\/v2\/tags?post=12969"}],"curies":[{"name":"wp","href":"https:\/\/api.w.org\/{rel}","templated":true}]}}