{"id":14420,"date":"2022-08-04T12:38:13","date_gmt":"2022-08-04T12:38:13","guid":{"rendered":"https:\/\/becal.gov.py\/v2\/?p=10023"},"modified":"2023-03-03T08:19:24","modified_gmt":"2023-03-03T08:19:24","slug":"hoy-becal-se-traslada-a-misiones-para-acompanar-rendicion-de-cuentas-de-hacienda","status":"publish","type":"post","link":"https:\/\/migracion.becal.gov.py\/v2\/2022\/08\/04\/hoy-becal-se-traslada-a-misiones-para-acompanar-rendicion-de-cuentas-de-hacienda\/","title":{"rendered":"Hoy BECAL se traslada a Misiones para acompa\u00f1ar rendici\u00f3n de cuentas de Hacienda"},"content":{"rendered":"\n<p>04\/08\/2022 El Programa Nacional de Becas de Posgrados en el Exterior \u201cDon Carlos Antonio L\u00f3pez\u201d (BECAL) estar\u00e1 presente en la jornada de Audiencia P\u00fablica de Rendici\u00f3n de Cuentas del Ministerio de Hacienda que se realizar\u00e1 en la fecha en San Ignacio (Misiones). <\/p>\n\n\n\n<p>A las 15 horas, la coordinadora general de BECAL, Andrea\nPicaso, expondr\u00e1 sobre los pormenores de las oportunidades que ofrece el\nPrograma, las modalidades y las \u00e1reas priorizadas, en la sede de la Universidad\nCat\u00f3lica de San Ignacio. Al mismo tiempo, un equipo t\u00e9cnico atender\u00e1 en un\nstand todos los requerimientos necesarios que el p\u00fablico requiera, de 09:00 a\n15:00 horas, en la misma sede. <\/p>\n\n\n\n<p>Hasta la fecha, BECAL otorg\u00f3 2.690 becas, permitiendo as\u00ed\nque muchos paraguayos estudien en las mejores universidades del mundo.<\/p>\n\n\n\n<p>La actividad central de la rendici\u00f3n de cuentas est\u00e1\nprevista para las 17 horas, momento en que el ministro de Hacienda, Oscar\nLlamosas, acompa\u00f1ado de los tres viceministros y directores, informar\u00e1 a la\nciudadan\u00eda sobre la gesti\u00f3n institucional, los resultados logrados en el\nsemestre, as\u00ed como tambi\u00e9n sobre los principales desaf\u00edos en el \u00e1mbito de las\nreformas que vienen proponiendo, las cuales son fundamentales para el pa\u00eds. <\/p>\n\n\n\n<p>Este nuevo modelo de rendici\u00f3n de cuentas se desarrolla basada en la metodolog\u00eda establecida en el manual aprobado por el Decreto N\u00ba 2.991\/19, que encarga a las autoridades de las instituciones del Poder Ejecutivo, a impulsar actividades de rendici\u00f3n sobre su gesti\u00f3n, dirigidos al sujeto destinatario del servicio (el ciudadano), de forma sencilla, amigable y constante, motivando su colaboraci\u00f3n en los procesos de toma de decisiones. <\/p>\n\n\n\n<figure class=\"wp-block-image size-large\"><img decoding=\"async\" src=\"https:\/\/migracion.becal.gov.py\/wp-content\/uploads\/2022\/08\/WhatsApp-Image-2022-08-02-at-10.19.33-AM.jpeg\" alt=\"\" class=\"wp-image-10024\" \/><\/figure>\n<p>[learn_press_profile]<\/p>\n","protected":false},"excerpt":{"rendered":"<p>04\/08\/2022 El Programa Nacional de Becas de Posgrados en el Exterior \u201cDon Carlos Antonio L\u00f3pez\u201d (BECAL) estar\u00e1 presente en la jornada de Audiencia P\u00fablica de Rendici\u00f3n de Cuentas del Ministerio de Hacienda que se realizar\u00e1 en la fecha en San Ignacio (Misiones). A las 15 [&hellip;]<\/p>\n","protected":false},"author":1,"featured_media":14421,"comment_status":"closed","ping_status":"closed","sticky":false,"template":"","format":"standard","meta":{"footnotes":""},"categories":[79],"tags":[],"class_list":["post-14420","post","type-post","status-publish","format-standard","has-post-thumbnail","hentry","category-sin-categoria"],"_links":{"self":[{"href":"https:\/\/migracion.becal.gov.py\/v2\/wp-json\/wp\/v2\/posts\/14420","targetHints":{"allow":["GET"]}}],"collection":[{"href":"https:\/\/migracion.becal.gov.py\/v2\/wp-json\/wp\/v2\/posts"}],"about":[{"href":"https:\/\/migracion.becal.gov.py\/v2\/wp-json\/wp\/v2\/types\/post"}],"author":[{"embeddable":true,"href":"https:\/\/migracion.becal.gov.py\/v2\/wp-json\/wp\/v2\/users\/1"}],"replies":[{"embeddable":true,"href":"https:\/\/migracion.becal.gov.py\/v2\/wp-json\/wp\/v2\/comments?post=14420"}],"version-history":[{"count":1,"href":"https:\/\/migracion.becal.gov.py\/v2\/wp-json\/wp\/v2\/posts\/14420\/revisions"}],"predecessor-version":[{"id":16630,"href":"https:\/\/migracion.becal.gov.py\/v2\/wp-json\/wp\/v2\/posts\/14420\/revisions\/16630"}],"wp:featuredmedia":[{"embeddable":true,"href":"https:\/\/migracion.becal.gov.py\/v2\/wp-json\/wp\/v2\/media\/14421"}],"wp:attachment":[{"href":"https:\/\/migracion.becal.gov.py\/v2\/wp-json\/wp\/v2\/media?parent=14420"}],"wp:term":[{"taxonomy":"category","embeddable":true,"href":"https:\/\/migracion.becal.gov.py\/v2\/wp-json\/wp\/v2\/categories?post=14420"},{"taxonomy":"post_tag","embeddable":true,"href":"https:\/\/migracion.becal.gov.py\/v2\/wp-json\/wp\/v2\/tags?post=14420"}],"curies":[{"name":"wp","href":"https:\/\/api.w.org\/{rel}","templated":true}]}}