{"id":14960,"date":"2022-09-15T13:00:36","date_gmt":"2022-09-15T13:00:36","guid":{"rendered":"https:\/\/becal.gov.py\/v2\/?p=14960"},"modified":"2023-03-01T16:11:56","modified_gmt":"2023-03-01T16:11:56","slug":"proyecto-de-fortalecimiento-de-becal-permitira-tambien-traer-al-pais-postgrados-de-excelencia-academica","status":"publish","type":"post","link":"https:\/\/migracion.becal.gov.py\/v2\/2022\/09\/15\/proyecto-de-fortalecimiento-de-becal-permitira-tambien-traer-al-pais-postgrados-de-excelencia-academica\/","title":{"rendered":"Proyecto de fortalecimiento de BECAL permitir\u00e1 tambi\u00e9n traer al pa\u00eds postgrados de excelencia acad\u00e9mica"},"content":{"rendered":"\n<p>El proyecto de ley que se prev\u00e9 tratar hoy en pleno de la C\u00e1mara de Senadores, que cuenta con dictamen favorable de las Comisiones de Educaci\u00f3n y de Hacienda y Presupuesto, apunta a enfocar esfuerzos en la atenci\u00f3n de las necesidades actuales y futuras del pa\u00eds, enmarcadas en el Plan Nacional de Desarrollo (PND) 2030, el cual establece de manera trasversal la igualdad de oportunidades, la eficiencia y transparencia de la gesti\u00f3n p\u00fablica, el desarrollo territorial y el cuidado ambiental.<\/p>\n\n\n\n<p>Entre las nuevas modalidades plantea instrumentos que apuntan a la sostenibilidad del Programa, pero tambi\u00e9n a llegar a un mayor n\u00famero de paraguayos. Define, por ejemplo, la posibilidad de financiar programas de postgrado de excelencia acad\u00e9mica en el pa\u00eds. Esto permitir\u00e1 seguir formando capital humano avanzado a lo largo del territorio nacional, ampliando las oportunidades para quienes no puedan viajar al exterior, sea por los requerimientos de idioma u otros motivos.<\/p>\n\n\n\n<p>BECAL seguir\u00e1 enviando paraguayos para formarse en las mejores universidades del mundo y se har\u00e1 hincapi\u00e9 en dar continuidad al proceso de formaci\u00f3n del profesional, siempre apuntando a la excelencia acad\u00e9mica, reforzando oportunidades de becas completas para doctorados y posdoctorados, que fomenten la creaci\u00f3n de centros y laboratorios de investigaci\u00f3n e innovaci\u00f3n en Paraguay, que ayuden al pa\u00eds para crear bases que puedan apuntar a su desarrollo.<\/p>\n\n\n\n<p>A lo largo de estos siete a\u00f1os, el Programa BECAL ha demostrado resultados exitosos, por lo que, al asegurar su sostenibilidad, refuerza esta pol\u00edtica p\u00fablica de sumar capital humano avanzado al pa\u00eds. BECAL construy\u00f3 sobre criterios de excelencia acad\u00e9mica y trasparencia 90 convocatorias con m\u00e1s de 2.700 becarios seleccionados en los 17 departamentos del pa\u00eds; 1.233 j\u00f3venes que han culminado alguna de las modalidades de BECAL ya est\u00e1n de retorno a Paraguay trabajando en el sector p\u00fablico, privado, organizaciones de la sociedad civil y organismos de cooperaci\u00f3n internacional.<\/p>\n\n\n\n<p>Las becas llegaron a lo largo de estos a\u00f1os a profesionales y estudiantes de todo el territorio nacional. El 30% de los becados son del interior y el 55% de los becarios provienen de colegios p\u00fablicos. El 82% de los padres de los becarios de colegios p\u00fablicos no cuenta con formaci\u00f3n universitaria.<\/p>\n\n\n\n<p>En este contexto, se busca abrir la oportunidad que se genera con BECAL para permitir llegar a m\u00e1s paraguayos a una formaci\u00f3n de posgrado en todos los Departamentos del pa\u00eds, con los mismos criterios de excelencia acad\u00e9mica y transparencia. De esta manera se pretende llegar m\u00e1s a los que menos tienen, tratando de afinar la punter\u00eda para destinar los recursos p\u00fablicos de la manera m\u00e1s eficiente, manteniendo becas completas y creando la figura de cr\u00e9dito beca, especialmente, para el financiamiento de maestr\u00edas, que son las de m\u00e1s r\u00e1pida absorci\u00f3n en el mercado laboral.<\/p>\n\n\n\n<p>BECAL aumentar\u00e1 su cobertura atendiendo nuevas demandas de formaci\u00f3n priorizadas por las instituciones p\u00fablicas y empresas, y propiciar\u00e1 la colaboraci\u00f3n entre centros internacionales y locales de formaci\u00f3n avanzada. Los incentivos ser\u00e1n equivalentes a los que se otorgan a estudiantes de posgrado en el exterior.<\/p>\n<p>[learn_press_profile]<\/p>\n","protected":false},"excerpt":{"rendered":"<p>El proyecto de ley que se prev\u00e9 tratar hoy en pleno de la C\u00e1mara de Senadores, que cuenta con dictamen favorable de las Comisiones de Educaci\u00f3n y de Hacienda y Presupuesto, apunta a enfocar esfuerzos en la atenci\u00f3n de las necesidades actuales y futuras del [&hellip;]<\/p>\n","protected":false},"author":2,"featured_media":14518,"comment_status":"closed","ping_status":"closed","sticky":false,"template":"","format":"standard","meta":{"footnotes":""},"categories":[1],"tags":[],"class_list":["post-14960","post","type-post","status-publish","format-standard","has-post-thumbnail","hentry","category-uncategorized"],"_links":{"self":[{"href":"https:\/\/migracion.becal.gov.py\/v2\/wp-json\/wp\/v2\/posts\/14960","targetHints":{"allow":["GET"]}}],"collection":[{"href":"https:\/\/migracion.becal.gov.py\/v2\/wp-json\/wp\/v2\/posts"}],"about":[{"href":"https:\/\/migracion.becal.gov.py\/v2\/wp-json\/wp\/v2\/types\/post"}],"author":[{"embeddable":true,"href":"https:\/\/migracion.becal.gov.py\/v2\/wp-json\/wp\/v2\/users\/2"}],"replies":[{"embeddable":true,"href":"https:\/\/migracion.becal.gov.py\/v2\/wp-json\/wp\/v2\/comments?post=14960"}],"version-history":[{"count":2,"href":"https:\/\/migracion.becal.gov.py\/v2\/wp-json\/wp\/v2\/posts\/14960\/revisions"}],"predecessor-version":[{"id":16111,"href":"https:\/\/migracion.becal.gov.py\/v2\/wp-json\/wp\/v2\/posts\/14960\/revisions\/16111"}],"wp:featuredmedia":[{"embeddable":true,"href":"https:\/\/migracion.becal.gov.py\/v2\/wp-json\/wp\/v2\/media\/14518"}],"wp:attachment":[{"href":"https:\/\/migracion.becal.gov.py\/v2\/wp-json\/wp\/v2\/media?parent=14960"}],"wp:term":[{"taxonomy":"category","embeddable":true,"href":"https:\/\/migracion.becal.gov.py\/v2\/wp-json\/wp\/v2\/categories?post=14960"},{"taxonomy":"post_tag","embeddable":true,"href":"https:\/\/migracion.becal.gov.py\/v2\/wp-json\/wp\/v2\/tags?post=14960"}],"curies":[{"name":"wp","href":"https:\/\/api.w.org\/{rel}","templated":true}]}}