{"id":15298,"date":"2022-10-24T14:23:45","date_gmt":"2022-10-24T14:23:45","guid":{"rendered":"https:\/\/becal.gov.py\/v2\/?p=15298"},"modified":"2023-03-01T16:10:09","modified_gmt":"2023-03-01T16:10:09","slug":"este-miercoles-26-cierra-plazo-para-postularse-a-becas-de-maestria-y-doctorado-en-alemania","status":"publish","type":"post","link":"https:\/\/migracion.becal.gov.py\/v2\/2022\/10\/24\/este-miercoles-26-cierra-plazo-para-postularse-a-becas-de-maestria-y-doctorado-en-alemania\/","title":{"rendered":"Este mi\u00e9rcoles 26 cierra plazo para postularse a becas de Maestr\u00eda y Doctorado en Alemania"},"content":{"rendered":"\n<p>Quedan tres d\u00edas de tiempo para postularse a una de las 11 becas disponibles para hacer Maestr\u00eda y\/o Doctorado en Alemania, en \u00e1reas de Ciencia, Tecnolog\u00eda e Innovaci\u00f3n (CTI) y Educaci\u00f3n, a trav\u00e9s del Programa Nacional de Becas de Posgrados en el Exterior \u201cDon Carlos Antonio L\u00f3pez\u201d (BECAL) en convenio con el Servicio Alem\u00e1n de Intercambio Acad\u00e9mico (DAAD). La postulaci\u00f3n con Modalidad Asistida cierra este mi\u00e9rcoles 26 de octubre, y se puede realizar a trav\u00e9s del Sistema de Postulaci\u00f3n a Instrumentos (SPI) de Conacyt <a href=\"https:\/\/spi.conacyt.gov.py\/user\">https:\/\/spi.conacyt.gov.py\/user<\/a> La Gu\u00eda de Bases y Condiciones (GBC) se encuentra en este enlace: <a href=\"https:\/\/bit.ly\/3daFlce\">https:\/\/bit.ly\/3daFlce<\/a><\/p>\n\n\n\n<p>Para hacer el Doctorado son seis cupos disponibles y para la Maestr\u00eda, cinco. Sus programas de estudios deben iniciar en el segundo semestre del 2023 y deben estar dentro de las \u00e1reas de las Ciencias Naturales; Ingenier\u00eda y Tecnolog\u00eda; Medicina y Salud; Ciencias Agr\u00edcolas; Ciencias Sociales (excepto Educaci\u00f3n para el Doctorado); Humanidades (\u00fanicamente para las sub \u00e1reas: Dise\u00f1o y Arquitectura para la Maestr\u00eda).<\/p>\n\n\n\n<p>Estas becas est\u00e1n dirigidas a todas aquellas personas que realicen estudios en las \u00e1reas de ciencia, tecnolog\u00eda e innovaci\u00f3n, cuyo proyecto de vida sea el fortalecimiento de las capacidades de innovaci\u00f3n de las empresas, gesti\u00f3n p\u00fablica, universidades y centros de Investigaci\u00f3n m\u00e1s Desarrollo (I+D). Tambi\u00e9n para aquellos profesionales que se encuentren prestando servicios en el \u00e1mbito de educaci\u00f3n con una antig\u00fcedad m\u00ednima de 12 meses, a la fecha de postulaci\u00f3n (requisito excluyente), cuyo proyecto de vida sea la investigaci\u00f3n, docencia y\/o gesti\u00f3n de la educaci\u00f3n, tanto a nivel p\u00fablico como privado.<\/p>\n\n\n\n<p>Las mismas ser\u00e1n financiadas con el Fondo para la Excelencia de la Educaci\u00f3n e Investigaci\u00f3n (FEEI). BECAL est\u00e1 orientado a fortalecer el capital humano avanzado del pa\u00eds, especialmente, a trav\u00e9s de posgrados focalizados en maestr\u00edas, doctorados y posdoctorados en las mejores universidades del mundo.<\/p>\n\n\n\n<p>El acuerdo del Programa con el Servicio Alem\u00e1n de Intercambio Acad\u00e9mico (DAAD) facilita el acceso de los estudiantes paraguayos en los mejores centros acad\u00e9micos, ya que se trata de una asociaci\u00f3n de universidades y colectividades de estudiantes, que representa a nivel mundial a 231 universidades e instituciones de educaci\u00f3n superior alemanas.<\/p>\n<p>[learn_press_profile]<\/p>\n","protected":false},"excerpt":{"rendered":"<p>Quedan tres d\u00edas de tiempo para postularse a una de las 11 becas disponibles para hacer Maestr\u00eda y\/o Doctorado en Alemania, en \u00e1reas de Ciencia, Tecnolog\u00eda e Innovaci\u00f3n (CTI) y Educaci\u00f3n, a trav\u00e9s del Programa Nacional de Becas de Posgrados en el Exterior \u201cDon Carlos [&hellip;]<\/p>\n","protected":false},"author":2,"featured_media":15300,"comment_status":"closed","ping_status":"closed","sticky":false,"template":"","format":"standard","meta":{"footnotes":""},"categories":[1],"tags":[],"class_list":["post-15298","post","type-post","status-publish","format-standard","has-post-thumbnail","hentry","category-uncategorized"],"_links":{"self":[{"href":"https:\/\/migracion.becal.gov.py\/v2\/wp-json\/wp\/v2\/posts\/15298","targetHints":{"allow":["GET"]}}],"collection":[{"href":"https:\/\/migracion.becal.gov.py\/v2\/wp-json\/wp\/v2\/posts"}],"about":[{"href":"https:\/\/migracion.becal.gov.py\/v2\/wp-json\/wp\/v2\/types\/post"}],"author":[{"embeddable":true,"href":"https:\/\/migracion.becal.gov.py\/v2\/wp-json\/wp\/v2\/users\/2"}],"replies":[{"embeddable":true,"href":"https:\/\/migracion.becal.gov.py\/v2\/wp-json\/wp\/v2\/comments?post=15298"}],"version-history":[{"count":2,"href":"https:\/\/migracion.becal.gov.py\/v2\/wp-json\/wp\/v2\/posts\/15298\/revisions"}],"predecessor-version":[{"id":16099,"href":"https:\/\/migracion.becal.gov.py\/v2\/wp-json\/wp\/v2\/posts\/15298\/revisions\/16099"}],"wp:featuredmedia":[{"embeddable":true,"href":"https:\/\/migracion.becal.gov.py\/v2\/wp-json\/wp\/v2\/media\/15300"}],"wp:attachment":[{"href":"https:\/\/migracion.becal.gov.py\/v2\/wp-json\/wp\/v2\/media?parent=15298"}],"wp:term":[{"taxonomy":"category","embeddable":true,"href":"https:\/\/migracion.becal.gov.py\/v2\/wp-json\/wp\/v2\/categories?post=15298"},{"taxonomy":"post_tag","embeddable":true,"href":"https:\/\/migracion.becal.gov.py\/v2\/wp-json\/wp\/v2\/tags?post=15298"}],"curies":[{"name":"wp","href":"https:\/\/api.w.org\/{rel}","templated":true}]}}